{"id":536578,"date":"2021-04-11T21:46:29","date_gmt":"2021-04-11T21:46:29","guid":{"rendered":"https:\/\/staging.curling.ca\/la-suisse-continue\/"},"modified":"2025-04-22T11:05:08","modified_gmt":"2025-04-22T11:05:08","slug":"la-suisse-continue","status":"publish","type":"post","link":"https:\/\/www.curling.ca\/fr\/blog\/2021\/04\/11\/la-suisse-continue\/","title":{"rendered":"La Suisse continue!"},"content":{"rendered":"\n<div class=\"wp-block-cossette-block-container\">\n<figure class=\"wp-block-image\"><img decoding=\"async\" src=\"https:\/\/www.curling.ca\/wp-content\/uploads\/2025\/04\/sui-hi-4-1024x498.jpg\" alt=\"\" class=\"wp-image-507171\"\/><figcaption>Beno\u00eet Schwarz et Peter de Cruz. (Photo, Curling Canada\/Michael Burns)<\/figcaption><\/figure>\n\n\n\n<div style=\"height:20px\" aria-hidden=\"true\" class=\"wp-block-spacer\"><\/div>\n\n\n\n<div style=\"text-align:left\" class=\"wp-block-cgb-block-algori-social-share-buttons\"><button class=\"bttn-simple bttn-md bttn-primary algori-social-share-buttons-settings algori-social-share-buttons-facebook\" onclick=\"window.open('https:\/\/www.facebook.com\/sharer.php?u=http:\/\/www.curling.ca\/?p=507173&amp;lang=fr', '_blank')\"><i class=\"fab fa-facebook-f\"><\/i>\u00a0 \u00a0Facebook<\/button><button class=\"bttn-simple bttn-md bttn-primary algori-social-share-buttons-settings algori-social-share-buttons-twitter\" onclick=\"window.open('https:\/\/twitter.com\/intent\/tweet?url=http:\/\/www.curling.ca\/?p=507173&amp;lang=fr', '_blank')\"><i class=\"fab fa-twitter\"><\/i>\u00a0 \u00a0Twitter<\/button><button class=\"bttn-simple bttn-md bttn-primary algori-social-share-buttons-settings algori-social-share-buttons-email\" onclick=\"window.open('mailto:?body=http:\/\/www.curling.ca\/?p=507173&amp;lang=fr', '_blank')\"><i class=\"fas fa-envelope\"><\/i>\u00a0 \u00a0Email<\/button><\/div>\n\n\n\n<div style=\"height:20px\" aria-hidden=\"true\" class=\"wp-block-spacer\"><\/div>\n\n\n\n<h3 class=\"wp-block-heading\">Peter de Cruz bat les \u00c9tats-Unis apr\u00e8s le report des \u00e9liminatoires<\/h3>\n\n\n\n<div style=\"height:20px\" aria-hidden=\"true\" class=\"wp-block-spacer\"><\/div>\n\n\n\n<p class=\"wp-block-paragraph\">La deuxi\u00e8me rencontre de qualification a \u00e9t\u00e9 disput\u00e9e 26 heures plus tard que pr\u00e9vu apr\u00e8s un test de COVID-19 positif dans la bulle de Calgary. Quand les \u00e9liminatoires ont repris, dimanche, au Championnat du monde masculin de curling BKT Pneus &amp; OK Pneus 2021, pr\u00e9sent\u00e9 par New Holland, le Suisse Peter de Cruz a d\u00e9fait l\u2019Am\u00e9ricain John Shuster par la marque de 7-6, et disputera la demi-finale, plus tard aujourd\u2019hui.<\/p>\n\n\n\n<p class=\"wp-block-paragraph\">\u00ab\u00c7\u2019\u00e9tait assez stressant. Et en m\u00eame plut\u00f4t relaxant alors que nous nous reposions tous \u00e0 l\u2019h\u00f4tel. Nous attendions les nouvelles, tout en restant pr\u00e9par\u00e9s \u00e0 se pr\u00e9senter \u00e0 l\u2019ar\u00e9na une heure plus tard\u00bb, racontait de Cruz.<\/p>\n\n\n\n<p class=\"wp-block-paragraph\">Le capitaine de Cruz, qui lance les pierres de deuxi\u00e8me, le quatri\u00e8me Beno\u00eet Schwarz, le troisi\u00e8me Sven Michel, le premier Tanner Valentin, le rempla\u00e7ant Pablo Lachat et l\u2019entra\u00eeneur H\u00e5vard Vad Petersson \u00e9taient pr\u00eats \u00e0 remporter le match apr\u00e8s deux jours assez mouvement\u00e9s. Sur le point d\u2019\u00eatre \u00e9limin\u00e9e lors de la derni\u00e8re journ\u00e9e du tournoi \u00e0 la ronde, l\u2019\u00e9quipe s\u2019est tout de m\u00eame qualifi\u00e9e, avant de devoir attendre pendant l\u2019ajournement.<\/p>\n\n\n\n<div class=\"wp-block-image\"><figure class=\"alignright\"><img decoding=\"async\" src=\"https:\/\/www.curling.ca\/2021worldmen\/files\/2021\/04\/USA-resize.jpg\" alt=\"\" class=\"wp-image-500978\"\/><figcaption>John Shuster. (Photo, Curling Canada\/Michael Burns)<\/figcaption><\/figure><\/div>\n\n\n\n<p class=\"wp-block-paragraph\">En vertu des nouvelles mesures de s\u00e9curit\u00e9 mises en place jusqu\u2019\u00e0 la fin du championnat mondial masculin, tous les joueurs des \u00e9quipes dans les \u00e9liminatoires doivent porter un masque durant la partie, en plus de subir un test de d\u00e9pistage PCR avant et apr\u00e8s la rencontre.<\/p>\n\n\n\n<p class=\"wp-block-paragraph\">En troisi\u00e8me manche, le tempo du match s\u2019est acc\u00e9l\u00e9r\u00e9 quand Shuster a rat\u00e9 un double mince qui a permis \u00e0 la Suisse de faire un placement pour trois points et prendre une avance de 3-1 en d\u00e9but de rencontre.<\/p>\n\n\n\n<p class=\"wp-block-paragraph\">La Suisse a conserv\u00e9 cette avance de deux points jusqu\u2019en cinqui\u00e8me manche, quand les \u00c9tats-Unis ont marqu\u00e9 un double pour \u00e9galer la marque avant la pause. Les Suisses ont toutefois repris l\u2019avantage avec un coup franc bon pour deux points en sixi\u00e8me manche.<\/p>\n\n\n\n<p class=\"wp-block-paragraph\">Les \u00c9tats-Unis sont parvenus \u00e0 \u00e9galer la marque dans les deux prochaines manches. Dans la septi\u00e8me, la Suisse a forc\u00e9 les \u00c9tats-Unis \u00e0 se contenter d\u2019un seul point gr\u00e2ce \u00e0 un excellent gel de Schwarz, mais Shuster a pu voler un point dans la huiti\u00e8me quand Schwarz a rat\u00e9 une tentative de double sortie qui lui aurait permis de marquer deux points.<\/p>\n\n\n\n<p class=\"wp-block-paragraph\">Toutefois, la Suisse a repris une avance de deux points &#8211; pour la troisi\u00e8me fois dans la rencontre \u2013 en neuvi\u00e8me manche. Schwarz a r\u00e9ussi une superbe triple sortie avec sa premi\u00e8re pierre, \u00e9liminant toutes les pierres am\u00e9ricaines de la maison, ce qui lui a laiss\u00e9 un placement pour deux points, et la victoire \u00e9ventuelle.<\/p>\n\n\n\n<p class=\"wp-block-paragraph\">La Suisse a oblig\u00e9 les \u00c9tats-Unis \u00e0 tenter une difficile mont\u00e9e \u00e0 angle pour \u00e9galer le pointage en dixi\u00e8me manche, mais les Am\u00e9ricains l\u2019ont rat\u00e9e.<\/p>\n\n\n\n<p class=\"wp-block-paragraph\">La Suisse affrontera maintenant Niklas Edin, de la Su\u00e8de, en demi-finale. Dans l\u2019autre demi-finale, Sergey Glukhov, qui repr\u00e9sente la FRC, jouera contre Bruce Mouat, de l\u2019\u00c9cosse; ce dernier a eu raison de Brendan Bottcher, du Canada, dans la premi\u00e8re rencontre de qualification, vendredi soir. Les demi-finales sont pr\u00e9vues pour 16h (heures de l\u2019Est). Les gagnants vont acc\u00e9der \u00e0 la rencontre pour la m\u00e9daille d\u2019or \u00e0 21h, alors que les perdants joueront pour le bronze \u00e0 la m\u00eame heure.<\/p>\n\n\n\n<p class=\"wp-block-paragraph\"><a href=\"https:\/\/worldcurling.org\/events\/wmcc2021?pageType=results\"><strong>CLIQUEZ ICI<\/strong><\/a> pour les pointages en direct, les classements et les statistiques du Championnat du monde masculin de curling BKT Pneus &amp; OK Pneus 2021.<\/p>\n<\/div>\n\n\n\n\n\n\n\n<div style=\"height:20px\" aria-hidden=\"true\" class=\"wp-block-spacer\"><\/div>\n\n\n\n\n\n<div style=\"height:20px\" aria-hidden=\"true\" class=\"wp-block-spacer\"><\/div>\n\n\n","protected":false},"excerpt":{"rendered":"","protected":false},"author":0,"featured_media":590897,"comment_status":"closed","ping_status":"closed","sticky":false,"template":"","format":"standard","meta":{"footnotes":""},"categories":[2669,2670],"tags":[612,873,328,4915,377,884],"class_list":["post-536578","post","type-post","status-publish","format-standard","has-post-thumbnail","hentry","category-nos-nouvelles","category-tous-les-articles","tag-brendan-bottcher","tag-bruce-mouat","tag-curling","tag-curling-canada-fr-2","tag-curling-canada","tag-john-shuster"],"yoast_head":"<!-- This site is optimized with the Yoast SEO plugin v28.4 - https:\/\/yoast.com\/product\/yoast-seo-wordpress\/ -->\n<title>La Suisse continue! - Curling Canada<\/title>\n<meta name=\"robots\" content=\"index, follow, max-snippet:-1, max-image-preview:large, max-video-preview:-1\" \/>\n<link rel=\"canonical\" href=\"https:\/\/www.curling.ca\/fr\/blog\/2021\/04\/11\/la-suisse-continue\/\" \/>\n<meta property=\"og:locale\" content=\"fr_FR\" \/>\n<meta property=\"og:type\" content=\"article\" \/>\n<meta property=\"og:title\" content=\"La Suisse continue! - Curling Canada\" \/>\n<meta property=\"og:url\" content=\"https:\/\/www.curling.ca\/fr\/blog\/2021\/04\/11\/la-suisse-continue\/\" \/>\n<meta property=\"og:site_name\" content=\"Curling Canada\" \/>\n<meta property=\"article:publisher\" content=\"https:\/\/www.facebook.com\/curlingcanada\" \/>\n<meta property=\"article:published_time\" content=\"2021-04-11T21:46:29+00:00\" \/>\n<meta property=\"article:modified_time\" content=\"2025-04-22T11:05:08+00:00\" \/>\n<meta property=\"og:image\" content=\"https:\/\/www.curling.ca\/wp-content\/uploads\/2025\/04\/sui-hi-3.jpg\" \/>\n\t<meta property=\"og:image:width\" content=\"1440\" \/>\n\t<meta property=\"og:image:height\" content=\"700\" \/>\n\t<meta property=\"og:image:type\" content=\"image\/jpeg\" \/>\n<meta name=\"twitter:card\" content=\"summary_large_image\" \/>\n<meta name=\"twitter:creator\" content=\"@curlingcanada\" \/>\n<meta name=\"twitter:site\" content=\"@curlingcanada\" \/>\n<meta name=\"twitter:label1\" content=\"Dur\u00e9e de lecture estim\u00e9e\" \/>\n\t<meta name=\"twitter:data1\" content=\"3 minutes\" \/>\n<script type=\"application\/ld+json\" class=\"yoast-schema-graph\">{\"@context\":\"https:\\\/\\\/schema.org\",\"@graph\":[{\"@type\":\"Article\",\"@id\":\"https:\\\/\\\/www.curling.ca\\\/fr\\\/blog\\\/2021\\\/04\\\/11\\\/la-suisse-continue\\\/#article\",\"isPartOf\":{\"@id\":\"https:\\\/\\\/www.curling.ca\\\/fr\\\/blog\\\/2021\\\/04\\\/11\\\/la-suisse-continue\\\/\"},\"author\":{\"name\":\"\",\"@id\":\"\"},\"headline\":\"La Suisse continue!\",\"datePublished\":\"2021-04-11T21:46:29+00:00\",\"dateModified\":\"2025-04-22T11:05:08+00:00\",\"mainEntityOfPage\":{\"@id\":\"https:\\\/\\\/www.curling.ca\\\/fr\\\/blog\\\/2021\\\/04\\\/11\\\/la-suisse-continue\\\/\"},\"wordCount\":642,\"publisher\":{\"@id\":\"https:\\\/\\\/www.curling.ca\\\/#organization\"},\"image\":{\"@id\":\"https:\\\/\\\/www.curling.ca\\\/fr\\\/blog\\\/2021\\\/04\\\/11\\\/la-suisse-continue\\\/#primaryimage\"},\"thumbnailUrl\":\"https:\\\/\\\/www.curling.ca\\\/wp-content\\\/uploads\\\/2025\\\/04\\\/sui-hi-3.jpg\",\"keywords\":[\"Brendan Bottcher\",\"Bruce Mouat\",\"curling\",\"Curling Canada\",\"Curling Canada\",\"John Shuster\"],\"articleSection\":[\"Nos nouvelles\",\"Tous les articles\"],\"inLanguage\":\"fr-FR\"},{\"@type\":\"WebPage\",\"@id\":\"https:\\\/\\\/www.curling.ca\\\/fr\\\/blog\\\/2021\\\/04\\\/11\\\/la-suisse-continue\\\/\",\"url\":\"https:\\\/\\\/www.curling.ca\\\/fr\\\/blog\\\/2021\\\/04\\\/11\\\/la-suisse-continue\\\/\",\"name\":\"La Suisse continue! - Curling Canada\",\"isPartOf\":{\"@id\":\"https:\\\/\\\/www.curling.ca\\\/#website\"},\"primaryImageOfPage\":{\"@id\":\"https:\\\/\\\/www.curling.ca\\\/fr\\\/blog\\\/2021\\\/04\\\/11\\\/la-suisse-continue\\\/#primaryimage\"},\"image\":{\"@id\":\"https:\\\/\\\/www.curling.ca\\\/fr\\\/blog\\\/2021\\\/04\\\/11\\\/la-suisse-continue\\\/#primaryimage\"},\"thumbnailUrl\":\"https:\\\/\\\/www.curling.ca\\\/wp-content\\\/uploads\\\/2025\\\/04\\\/sui-hi-3.jpg\",\"datePublished\":\"2021-04-11T21:46:29+00:00\",\"dateModified\":\"2025-04-22T11:05:08+00:00\",\"breadcrumb\":{\"@id\":\"https:\\\/\\\/www.curling.ca\\\/fr\\\/blog\\\/2021\\\/04\\\/11\\\/la-suisse-continue\\\/#breadcrumb\"},\"inLanguage\":\"fr-FR\",\"potentialAction\":[{\"@type\":\"ReadAction\",\"target\":[\"https:\\\/\\\/www.curling.ca\\\/fr\\\/blog\\\/2021\\\/04\\\/11\\\/la-suisse-continue\\\/\"]}]},{\"@type\":\"ImageObject\",\"inLanguage\":\"fr-FR\",\"@id\":\"https:\\\/\\\/www.curling.ca\\\/fr\\\/blog\\\/2021\\\/04\\\/11\\\/la-suisse-continue\\\/#primaryimage\",\"url\":\"https:\\\/\\\/www.curling.ca\\\/wp-content\\\/uploads\\\/2025\\\/04\\\/sui-hi-3.jpg\",\"contentUrl\":\"https:\\\/\\\/www.curling.ca\\\/wp-content\\\/uploads\\\/2025\\\/04\\\/sui-hi-3.jpg\",\"width\":1440,\"height\":700},{\"@type\":\"BreadcrumbList\",\"@id\":\"https:\\\/\\\/www.curling.ca\\\/fr\\\/blog\\\/2021\\\/04\\\/11\\\/la-suisse-continue\\\/#breadcrumb\",\"itemListElement\":[{\"@type\":\"ListItem\",\"position\":1,\"name\":\"Home\",\"item\":\"https:\\\/\\\/www.curling.ca\\\/\"},{\"@type\":\"ListItem\",\"position\":2,\"name\":\"La Suisse continue!\"}]},{\"@type\":\"WebSite\",\"@id\":\"https:\\\/\\\/www.curling.ca\\\/#website\",\"url\":\"https:\\\/\\\/www.curling.ca\\\/\",\"name\":\"Curling Canada\",\"description\":\"The home of curling in Canada.\",\"publisher\":{\"@id\":\"https:\\\/\\\/www.curling.ca\\\/#organization\"},\"potentialAction\":[{\"@type\":\"SearchAction\",\"target\":{\"@type\":\"EntryPoint\",\"urlTemplate\":\"https:\\\/\\\/www.curling.ca\\\/?s={search_term_string}\"},\"query-input\":{\"@type\":\"PropertyValueSpecification\",\"valueRequired\":true,\"valueName\":\"search_term_string\"}}],\"inLanguage\":\"fr-FR\"},{\"@type\":\"Organization\",\"@id\":\"https:\\\/\\\/www.curling.ca\\\/#organization\",\"name\":\"Curling Canada\",\"url\":\"https:\\\/\\\/www.curling.ca\\\/\",\"logo\":{\"@type\":\"ImageObject\",\"inLanguage\":\"fr-FR\",\"@id\":\"https:\\\/\\\/www.curling.ca\\\/#\\\/schema\\\/logo\\\/image\\\/\",\"url\":\"https:\\\/\\\/www.curling.ca\\\/wp-content\\\/uploads\\\/2023\\\/08\\\/main-white-1.png\",\"contentUrl\":\"https:\\\/\\\/www.curling.ca\\\/wp-content\\\/uploads\\\/2023\\\/08\\\/main-white-1.png\",\"width\":74,\"height\":116,\"caption\":\"Curling Canada\"},\"image\":{\"@id\":\"https:\\\/\\\/www.curling.ca\\\/#\\\/schema\\\/logo\\\/image\\\/\"},\"sameAs\":[\"https:\\\/\\\/www.facebook.com\\\/curlingcanada\",\"https:\\\/\\\/x.com\\\/curlingcanada\",\"https:\\\/\\\/www.instagram.com\\\/curlingcanada\",\"https:\\\/\\\/www.youtube.com\\\/curlingcanada\"]}]}<\/script>\n<!-- \/ Yoast SEO plugin. -->","yoast_head_json":{"title":"La Suisse continue! - Curling Canada","robots":{"index":"index","follow":"follow","max-snippet":"max-snippet:-1","max-image-preview":"max-image-preview:large","max-video-preview":"max-video-preview:-1"},"canonical":"https:\/\/www.curling.ca\/fr\/blog\/2021\/04\/11\/la-suisse-continue\/","og_locale":"fr_FR","og_type":"article","og_title":"La Suisse continue! - Curling Canada","og_url":"https:\/\/www.curling.ca\/fr\/blog\/2021\/04\/11\/la-suisse-continue\/","og_site_name":"Curling Canada","article_publisher":"https:\/\/www.facebook.com\/curlingcanada","article_published_time":"2021-04-11T21:46:29+00:00","article_modified_time":"2025-04-22T11:05:08+00:00","og_image":[{"width":1440,"height":700,"url":"https:\/\/www.curling.ca\/wp-content\/uploads\/2025\/04\/sui-hi-3.jpg","type":"image\/jpeg"}],"twitter_card":"summary_large_image","twitter_creator":"@curlingcanada","twitter_site":"@curlingcanada","twitter_misc":{"Dur\u00e9e de lecture estim\u00e9e":"3 minutes"},"schema":{"@context":"https:\/\/schema.org","@graph":[{"@type":"Article","@id":"https:\/\/www.curling.ca\/fr\/blog\/2021\/04\/11\/la-suisse-continue\/#article","isPartOf":{"@id":"https:\/\/www.curling.ca\/fr\/blog\/2021\/04\/11\/la-suisse-continue\/"},"author":{"name":"","@id":""},"headline":"La Suisse continue!","datePublished":"2021-04-11T21:46:29+00:00","dateModified":"2025-04-22T11:05:08+00:00","mainEntityOfPage":{"@id":"https:\/\/www.curling.ca\/fr\/blog\/2021\/04\/11\/la-suisse-continue\/"},"wordCount":642,"publisher":{"@id":"https:\/\/www.curling.ca\/#organization"},"image":{"@id":"https:\/\/www.curling.ca\/fr\/blog\/2021\/04\/11\/la-suisse-continue\/#primaryimage"},"thumbnailUrl":"https:\/\/www.curling.ca\/wp-content\/uploads\/2025\/04\/sui-hi-3.jpg","keywords":["Brendan Bottcher","Bruce Mouat","curling","Curling Canada","Curling Canada","John Shuster"],"articleSection":["Nos nouvelles","Tous les articles"],"inLanguage":"fr-FR"},{"@type":"WebPage","@id":"https:\/\/www.curling.ca\/fr\/blog\/2021\/04\/11\/la-suisse-continue\/","url":"https:\/\/www.curling.ca\/fr\/blog\/2021\/04\/11\/la-suisse-continue\/","name":"La Suisse continue! - Curling Canada","isPartOf":{"@id":"https:\/\/www.curling.ca\/#website"},"primaryImageOfPage":{"@id":"https:\/\/www.curling.ca\/fr\/blog\/2021\/04\/11\/la-suisse-continue\/#primaryimage"},"image":{"@id":"https:\/\/www.curling.ca\/fr\/blog\/2021\/04\/11\/la-suisse-continue\/#primaryimage"},"thumbnailUrl":"https:\/\/www.curling.ca\/wp-content\/uploads\/2025\/04\/sui-hi-3.jpg","datePublished":"2021-04-11T21:46:29+00:00","dateModified":"2025-04-22T11:05:08+00:00","breadcrumb":{"@id":"https:\/\/www.curling.ca\/fr\/blog\/2021\/04\/11\/la-suisse-continue\/#breadcrumb"},"inLanguage":"fr-FR","potentialAction":[{"@type":"ReadAction","target":["https:\/\/www.curling.ca\/fr\/blog\/2021\/04\/11\/la-suisse-continue\/"]}]},{"@type":"ImageObject","inLanguage":"fr-FR","@id":"https:\/\/www.curling.ca\/fr\/blog\/2021\/04\/11\/la-suisse-continue\/#primaryimage","url":"https:\/\/www.curling.ca\/wp-content\/uploads\/2025\/04\/sui-hi-3.jpg","contentUrl":"https:\/\/www.curling.ca\/wp-content\/uploads\/2025\/04\/sui-hi-3.jpg","width":1440,"height":700},{"@type":"BreadcrumbList","@id":"https:\/\/www.curling.ca\/fr\/blog\/2021\/04\/11\/la-suisse-continue\/#breadcrumb","itemListElement":[{"@type":"ListItem","position":1,"name":"Home","item":"https:\/\/www.curling.ca\/"},{"@type":"ListItem","position":2,"name":"La Suisse continue!"}]},{"@type":"WebSite","@id":"https:\/\/www.curling.ca\/#website","url":"https:\/\/www.curling.ca\/","name":"Curling Canada","description":"The home of curling in Canada.","publisher":{"@id":"https:\/\/www.curling.ca\/#organization"},"potentialAction":[{"@type":"SearchAction","target":{"@type":"EntryPoint","urlTemplate":"https:\/\/www.curling.ca\/?s={search_term_string}"},"query-input":{"@type":"PropertyValueSpecification","valueRequired":true,"valueName":"search_term_string"}}],"inLanguage":"fr-FR"},{"@type":"Organization","@id":"https:\/\/www.curling.ca\/#organization","name":"Curling Canada","url":"https:\/\/www.curling.ca\/","logo":{"@type":"ImageObject","inLanguage":"fr-FR","@id":"https:\/\/www.curling.ca\/#\/schema\/logo\/image\/","url":"https:\/\/www.curling.ca\/wp-content\/uploads\/2023\/08\/main-white-1.png","contentUrl":"https:\/\/www.curling.ca\/wp-content\/uploads\/2023\/08\/main-white-1.png","width":74,"height":116,"caption":"Curling Canada"},"image":{"@id":"https:\/\/www.curling.ca\/#\/schema\/logo\/image\/"},"sameAs":["https:\/\/www.facebook.com\/curlingcanada","https:\/\/x.com\/curlingcanada","https:\/\/www.instagram.com\/curlingcanada","https:\/\/www.youtube.com\/curlingcanada"]}]}},"rttpg_featured_image_url":{"full":["https:\/\/www.curling.ca\/wp-content\/uploads\/2025\/04\/sui-hi-3.jpg",1440,700,false],"landscape":["https:\/\/www.curling.ca\/wp-content\/uploads\/2025\/04\/sui-hi-3.jpg",1440,700,false],"portraits":["https:\/\/www.curling.ca\/wp-content\/uploads\/2025\/04\/sui-hi-3.jpg",1440,700,false],"thumbnail":["https:\/\/www.curling.ca\/wp-content\/uploads\/2025\/04\/sui-hi-3-150x150.jpg",150,150,true],"medium":["https:\/\/www.curling.ca\/wp-content\/uploads\/2025\/04\/sui-hi-3-300x146.jpg",300,146,true],"large":["https:\/\/www.curling.ca\/wp-content\/uploads\/2025\/04\/sui-hi-3-1024x498.jpg",1024,498,true],"1536x1536":["https:\/\/www.curling.ca\/wp-content\/uploads\/2025\/04\/sui-hi-3.jpg",1440,700,false],"2048x2048":["https:\/\/www.curling.ca\/wp-content\/uploads\/2025\/04\/sui-hi-3.jpg",1440,700,false],"post-thumbnail":["https:\/\/www.curling.ca\/wp-content\/uploads\/2025\/04\/sui-hi-3-370x180.jpg",370,180,true],"redy-thumb-huge":["https:\/\/www.curling.ca\/wp-content\/uploads\/2025\/04\/sui-hi-3-1290x700.jpg",1290,700,true],"redy-thumb-big":["https:\/\/www.curling.ca\/wp-content\/uploads\/2025\/04\/sui-hi-3-840x473.jpg",840,473,true],"redy-thumb-med":["https:\/\/www.curling.ca\/wp-content\/uploads\/2025\/04\/sui-hi-3-410x230.jpg",410,230,true],"redy-thumb-tiny":["https:\/\/www.curling.ca\/wp-content\/uploads\/2025\/04\/sui-hi-3-120x120.jpg",120,120,true],"redy-thumb-masonry-big":["https:\/\/www.curling.ca\/wp-content\/uploads\/2025\/04\/sui-hi-3-840x408.jpg",840,408,true],"redy-thumb-masonry":["https:\/\/www.curling.ca\/wp-content\/uploads\/2025\/04\/sui-hi-3-410x199.jpg",410,199,true],"redy-thumb-rectangle":["https:\/\/www.curling.ca\/wp-content\/uploads\/2025\/04\/sui-hi-3-570x696.jpg",570,696,true],"redy-thumb-medium-square":["https:\/\/www.curling.ca\/wp-content\/uploads\/2025\/04\/sui-hi-3-650x572.jpg",650,572,true],"redy-thumb-square":["https:\/\/www.curling.ca\/wp-content\/uploads\/2025\/04\/sui-hi-3-890x664.jpg",890,664,true],"trx_addons-thumb-small":["https:\/\/www.curling.ca\/wp-content\/uploads\/2025\/04\/sui-hi-3-270x152.jpg",270,152,true],"trx_addons-thumb-portrait":["https:\/\/www.curling.ca\/wp-content\/uploads\/2025\/04\/sui-hi-3-370x493.jpg",370,493,true],"trx_addons-thumb-avatar":["https:\/\/www.curling.ca\/wp-content\/uploads\/2025\/04\/sui-hi-3-370x370.jpg",370,370,true],"rt_custom":["https:\/\/www.curling.ca\/wp-content\/uploads\/2025\/04\/sui-hi-3.jpg",1440,700,false]},"rttpg_author":{"display_name":"","author_link":"https:\/\/www.curling.ca\/fr\/blog\/author\/"},"rttpg_comment":0,"rttpg_category":"<a href=\"https:\/\/www.curling.ca\/blog\/category\/posts\/tous-les-articles\/nos-nouvelles\/\" rel=\"category tag\">Nos nouvelles<\/a> <a href=\"https:\/\/www.curling.ca\/fr\/blog\/category\/posts\/tous-les-articles\/\" rel=\"category tag\">Tous les articles<\/a>","rttpg_excerpt":null,"_links":{"self":[{"href":"https:\/\/www.curling.ca\/fr\/wp-json\/wp\/v2\/posts\/536578","targetHints":{"allow":["GET"]}}],"collection":[{"href":"https:\/\/www.curling.ca\/fr\/wp-json\/wp\/v2\/posts"}],"about":[{"href":"https:\/\/www.curling.ca\/fr\/wp-json\/wp\/v2\/types\/post"}],"replies":[{"embeddable":true,"href":"https:\/\/www.curling.ca\/fr\/wp-json\/wp\/v2\/comments?post=536578"}],"version-history":[{"count":0,"href":"https:\/\/www.curling.ca\/fr\/wp-json\/wp\/v2\/posts\/536578\/revisions"}],"wp:featuredmedia":[{"embeddable":true,"href":"https:\/\/www.curling.ca\/fr\/wp-json\/wp\/v2\/media\/590897"}],"wp:attachment":[{"href":"https:\/\/www.curling.ca\/fr\/wp-json\/wp\/v2\/media?parent=536578"}],"wp:term":[{"taxonomy":"category","embeddable":true,"href":"https:\/\/www.curling.ca\/fr\/wp-json\/wp\/v2\/categories?post=536578"},{"taxonomy":"post_tag","embeddable":true,"href":"https:\/\/www.curling.ca\/fr\/wp-json\/wp\/v2\/tags?post=536578"}],"curies":[{"name":"wp","href":"https:\/\/api.w.org\/{rel}","templated":true}]}}