{"id":538294,"date":"2022-12-29T15:00:00","date_gmt":"2022-12-29T15:00:00","guid":{"rendered":"https:\/\/staging.curling.ca\/blog\/2022\/12\/29\/du-curling-en-fauteuil-roulant-a-leduc\/"},"modified":"2025-04-22T13:51:58","modified_gmt":"2025-04-22T13:51:58","slug":"du-curling-en-fauteuil-roulant-a-leduc","status":"publish","type":"post","link":"https:\/\/www.curling.ca\/fr\/blog\/2022\/12\/29\/du-curling-en-fauteuil-roulant-a-leduc\/","title":{"rendered":"Du curling en fauteuil roulant \u00e0 Leduc!"},"content":{"rendered":"\n<div class=\"wp-block-cossette-block-container\">\n<figure class=\"wp-block-image size-full\"><a href=\"https:\/\/www.curling.ca\/wp-content\/uploads\/2025\/04\/leducmd-resize1-2.jpg\"><img decoding=\"async\" src=\"https:\/\/www.curling.ca\/wp-content\/uploads\/2025\/04\/leducmd-resize1-2.jpg\" alt=\"\" class=\"wp-image-514848\" \/><\/a><figcaption>Vingt-quatre athl\u00e8tes composant 12 \u00e9quipes ont particip\u00e9 \u00e0 la premi\u00e8re comp\u00e9tition de curling double mixte en fauteuil roulant en sol canadien, \u00e0 Leduc, en Alberta, du 13 au 17 d\u00e9cembre dernier. (Photo, Curling Canada\/Le programme national de curling en fauteuil roulant)<\/figcaption><\/figure>\n\n\n\n<div style=\"height:20px\" aria-hidden=\"true\" class=\"wp-block-spacer\"><\/div>\n\n\n\n<div style=\"text-align:left\" class=\"wp-block-cgb-block-algori-social-share-buttons\"><button class=\"bttn-simple bttn-md bttn-primary algori-social-share-buttons-settings algori-social-share-buttons-facebook\"><i class=\"fab fa-facebook-f\"><\/i>\u00a0 \u00a0Facebook<\/button><button class=\"bttn-simple bttn-md bttn-primary algori-social-share-buttons-settings algori-social-share-buttons-twitter\"><i class=\"fab fa-twitter\"><\/i>\u00a0 \u00a0Twitter<\/button><button class=\"bttn-simple bttn-md bttn-primary algori-social-share-buttons-settings algori-social-share-buttons-email\"><i class=\"fas fa-envelope\"><\/i>\u00a0 \u00a0Email<\/button><\/div>\n\n\n\n<div style=\"height:20px\" aria-hidden=\"true\" class=\"wp-block-spacer\"><\/div>\n\n\n\n<h2 class=\"wp-block-heading\">Le programme national de curling en fauteuil roulant a organis\u00e9 la premi\u00e8re comp\u00e9tition de double mixte<\/h2>\n\n\n\n<h3 class=\"wp-block-heading\">Par Lisa Weagle, gestionnaire en communication et m\u00e9dias pour le programme national de curling en fauteuil roulant<\/h3>\n\n\n\n<div style=\"height:20px\" aria-hidden=\"true\" class=\"wp-block-spacer\"><\/div>\n\n\n\n<p class=\"wp-block-paragraph\">Vingt-quatre athl\u00e8tes composant 12 \u00e9quipes ont particip\u00e9 \u00e0 la premi\u00e8re comp\u00e9tition de curling double mixte en fauteuil roulant en sol canadien, \u00e0 Leduc, en Alberta, du 13 au 17 d\u00e9cembre dernier.<\/p>\n\n\n\n<p class=\"wp-block-paragraph\">Le programme national de curling en fauteuil roulant a organis\u00e9 cette comp\u00e9tition-pilote, qui a r\u00e9uni des athl\u00e8tes de partout au pays, afin de soutenir le d\u00e9veloppement et la croissance du curling double mixte en fauteuil roulant au Canada.<\/p>\n\n\n\n<p class=\"wp-block-paragraph\">\u00abC\u2019\u00e9tait tellement agr\u00e9able de faire d\u00e9couvrir le curling en fauteuil roulant, et d\u2019\u00e9changer avec tous ces excellents athl\u00e8tes, a d\u00e9clar\u00e9 Collinda Joseph, athl\u00e8te du programme national. Je suis excit\u00e9e d\u2019en apprendre davantage sur le double mixte en fauteuil roulant, et de faire \u00e9voluer cette discipline dans notre sport.\u00bb<\/p>\n\n\n\n<div class=\"wp-block-image\"><figure class=\"alignright size-full\"><a href=\"https:\/\/www.curling.ca\/wp-content\/uploads\/2025\/04\/leducmd-resize2-2.jpg\"><img decoding=\"async\" src=\"https:\/\/www.curling.ca\/wp-content\/uploads\/2025\/04\/leducmd-resize2-2.jpg\" alt=\"\" class=\"wp-image-514850\" \/><\/a><figcaption>Shauna Petrie et Mark Ideson ont remport\u00e9 la finale du championnat. (Photo, Curling Canada\/Le programme national de curling en fauteuil roulant)<\/figcaption><\/figure><\/div>\n\n\n\n<p class=\"wp-block-paragraph\">Shauna Petrie et Mark Ideson ont remport\u00e9 la finale du championnat contre Chrissy Molnar et Jon Thurston (8-3), tandis que Joseph et son co\u00e9quipier Dennis Thiessen se sont inclin\u00e9s dans la finale B contre Ina Forrest et Reid Mulligan (6-3). Sarah Benevides et Tony Reynen ont gagn\u00e9 la finale C contre Linda Hamilton et Darwin Bender (7-5).<\/p>\n\n\n\n<p class=\"wp-block-paragraph\">\u00abCette comp\u00e9tition a permis de rassembler et de soutenir la communaut\u00e9 du curling en fauteuil roulant au Canada, estime Kyle Paquette, directeur du programme national de curling en fauteuil roulant. Nous sommes reconnaissants envers les nombreux intervenants et supporters du sport de partout au pays, dont plusieurs ont particip\u00e9 \u00e0 cette comp\u00e9tition, et qui se consacrent \u00e0 la d\u00e9couverte et au recrutement de nouveaux participants en organisant des activit\u00e9s d\u2019initiation au niveau local ou r\u00e9gional, ainsi que des comp\u00e9titions.\u00bb<\/p>\n\n\n\n<p class=\"wp-block-paragraph\">Le premier Championnat du monde de curling double mixte en fauteuil roulant a \u00e9t\u00e9 pr\u00e9sent\u00e9, le printemps dernier, \u00e0 Lohja, en Finlande, o\u00f9 le Canada a pris le 12<sup>e<\/sup> rang. Curling Canada esp\u00e8re ajouter plus de profondeur \u00e0 son programme national; cette comp\u00e9tition a permis aux entra\u00eeneurs de voir \u00e0 l\u2019\u0153uvre des joueurs et joueuses en fauteuil roulant, qu\u2019ils fassent partie du programme national ou non, en comp\u00e9tition \u00e0 un haut niveau.<\/p>\n\n\n\n<p class=\"wp-block-paragraph\">\u00abLe curling double mixte en fauteuil roulant est une toute nouvelle discipline; cette comp\u00e9tition a permis aux entra\u00eeneurs du programme national de recueillir des informations et des impressions qui peuvent aider notre pays \u00e0 remporter une m\u00e9daille au prochain championnat du monde\u00bb, explique Dana Ferguson, entra\u00eeneuse de double mixte du programme national de curling en fauteuil roulant.<\/p>\n\n\n\n<p class=\"wp-block-paragraph\">L\u2019admission \u00e9tait gratuite pour l\u2019ensemble du Centre r\u00e9cr\u00e9atif de Leduc; les rencontres ont \u00e9galement \u00e9t\u00e9 webdiffus\u00e9es par Curling Stadium par l\u2019entremise de CurlingZone et Curling Canada pour accro\u00eetre la visibilit\u00e9 du sport. Elles ont aussi \u00e9t\u00e9 pr\u00e9sent\u00e9es sur la cha\u00eene YouTube de Curling Canada.<\/p>\n\n\n\n<p class=\"wp-block-paragraph\">Curling Canada annoncera en janvier la composition de l\u2019\u00e9quipe et du personnel de soutien qui repr\u00e9senteront le Canada au Championnat du monde 2023 de curling double mixte en fauteuil roulant, du 4 au 12 mars 2023 \u00e0 Richmond, en Colombie-Britannique.<\/p>\n<\/div>\n\n\n\n\n\n\n\n<div style=\"height:20px\" aria-hidden=\"true\" class=\"wp-block-spacer\"><\/div>\n\n\n\n\n\n<div style=\"height:20px\" aria-hidden=\"true\" class=\"wp-block-spacer\"><\/div>\n\n\n","protected":false},"excerpt":{"rendered":"","protected":false},"author":0,"featured_media":597742,"comment_status":"closed","ping_status":"closed","sticky":false,"template":"","format":"standard","meta":{"footnotes":""},"categories":[2669,2670],"tags":[471,472,473,475,476,477,388],"class_list":["post-538294","post","type-post","status-publish","format-standard","has-post-thumbnail","hentry","category-nos-nouvelles","category-tous-les-articles","tag-collinda-joseph","tag-dana-ferguson","tag-dennis-thiessen","tag-ina-forrest","tag-jon-thurston","tag-kyle-paquette","tag-mark-ideson"],"yoast_head":"<!-- This site is optimized with the Yoast SEO plugin v28.4 - https:\/\/yoast.com\/product\/yoast-seo-wordpress\/ -->\n<title>Du curling en fauteuil roulant \u00e0 Leduc! - Curling Canada<\/title>\n<meta name=\"robots\" content=\"index, follow, max-snippet:-1, max-image-preview:large, max-video-preview:-1\" \/>\n<link rel=\"canonical\" href=\"https:\/\/www.curling.ca\/fr\/blog\/2022\/12\/29\/du-curling-en-fauteuil-roulant-a-leduc\/\" \/>\n<meta property=\"og:locale\" content=\"fr_FR\" \/>\n<meta property=\"og:type\" content=\"article\" \/>\n<meta property=\"og:title\" content=\"Du curling en fauteuil roulant \u00e0 Leduc! - Curling Canada\" \/>\n<meta property=\"og:url\" content=\"https:\/\/www.curling.ca\/fr\/blog\/2022\/12\/29\/du-curling-en-fauteuil-roulant-a-leduc\/\" \/>\n<meta property=\"og:site_name\" content=\"Curling Canada\" \/>\n<meta property=\"article:publisher\" content=\"https:\/\/www.facebook.com\/curlingcanada\" \/>\n<meta property=\"article:published_time\" content=\"2022-12-29T15:00:00+00:00\" \/>\n<meta property=\"article:modified_time\" content=\"2025-04-22T13:51:58+00:00\" \/>\n<meta property=\"og:image\" content=\"https:\/\/www.curling.ca\/wp-content\/uploads\/2025\/04\/leducmd-hi.jpg\" \/>\n\t<meta property=\"og:image:width\" content=\"1440\" \/>\n\t<meta property=\"og:image:height\" content=\"700\" \/>\n\t<meta property=\"og:image:type\" content=\"image\/jpeg\" \/>\n<meta name=\"twitter:card\" content=\"summary_large_image\" \/>\n<meta name=\"twitter:creator\" content=\"@curlingcanada\" \/>\n<meta name=\"twitter:site\" content=\"@curlingcanada\" \/>\n<meta name=\"twitter:label1\" content=\"Dur\u00e9e de lecture estim\u00e9e\" \/>\n\t<meta name=\"twitter:data1\" content=\"3 minutes\" \/>\n<script type=\"application\/ld+json\" class=\"yoast-schema-graph\">{\"@context\":\"https:\\\/\\\/schema.org\",\"@graph\":[{\"@type\":\"Article\",\"@id\":\"https:\\\/\\\/www.curling.ca\\\/fr\\\/blog\\\/2022\\\/12\\\/29\\\/du-curling-en-fauteuil-roulant-a-leduc\\\/#article\",\"isPartOf\":{\"@id\":\"https:\\\/\\\/www.curling.ca\\\/fr\\\/blog\\\/2022\\\/12\\\/29\\\/du-curling-en-fauteuil-roulant-a-leduc\\\/\"},\"author\":{\"name\":\"\",\"@id\":\"\"},\"headline\":\"Du curling en fauteuil roulant \u00e0 Leduc!\",\"datePublished\":\"2022-12-29T15:00:00+00:00\",\"dateModified\":\"2025-04-22T13:51:58+00:00\",\"mainEntityOfPage\":{\"@id\":\"https:\\\/\\\/www.curling.ca\\\/fr\\\/blog\\\/2022\\\/12\\\/29\\\/du-curling-en-fauteuil-roulant-a-leduc\\\/\"},\"wordCount\":606,\"publisher\":{\"@id\":\"https:\\\/\\\/www.curling.ca\\\/#organization\"},\"image\":{\"@id\":\"https:\\\/\\\/www.curling.ca\\\/fr\\\/blog\\\/2022\\\/12\\\/29\\\/du-curling-en-fauteuil-roulant-a-leduc\\\/#primaryimage\"},\"thumbnailUrl\":\"https:\\\/\\\/www.curling.ca\\\/wp-content\\\/uploads\\\/2025\\\/04\\\/leducmd-hi.jpg\",\"keywords\":[\"Collinda Joseph\",\"Dana Ferguson\",\"Dennis Thiessen\",\"Ina Forrest\",\"Jon Thurston\",\"Kyle Paquette\",\"Mark Ideson\"],\"articleSection\":[\"Nos nouvelles\",\"Tous les articles\"],\"inLanguage\":\"fr-FR\"},{\"@type\":\"WebPage\",\"@id\":\"https:\\\/\\\/www.curling.ca\\\/fr\\\/blog\\\/2022\\\/12\\\/29\\\/du-curling-en-fauteuil-roulant-a-leduc\\\/\",\"url\":\"https:\\\/\\\/www.curling.ca\\\/fr\\\/blog\\\/2022\\\/12\\\/29\\\/du-curling-en-fauteuil-roulant-a-leduc\\\/\",\"name\":\"Du curling en fauteuil roulant \u00e0 Leduc! - Curling Canada\",\"isPartOf\":{\"@id\":\"https:\\\/\\\/www.curling.ca\\\/#website\"},\"primaryImageOfPage\":{\"@id\":\"https:\\\/\\\/www.curling.ca\\\/fr\\\/blog\\\/2022\\\/12\\\/29\\\/du-curling-en-fauteuil-roulant-a-leduc\\\/#primaryimage\"},\"image\":{\"@id\":\"https:\\\/\\\/www.curling.ca\\\/fr\\\/blog\\\/2022\\\/12\\\/29\\\/du-curling-en-fauteuil-roulant-a-leduc\\\/#primaryimage\"},\"thumbnailUrl\":\"https:\\\/\\\/www.curling.ca\\\/wp-content\\\/uploads\\\/2025\\\/04\\\/leducmd-hi.jpg\",\"datePublished\":\"2022-12-29T15:00:00+00:00\",\"dateModified\":\"2025-04-22T13:51:58+00:00\",\"breadcrumb\":{\"@id\":\"https:\\\/\\\/www.curling.ca\\\/fr\\\/blog\\\/2022\\\/12\\\/29\\\/du-curling-en-fauteuil-roulant-a-leduc\\\/#breadcrumb\"},\"inLanguage\":\"fr-FR\",\"potentialAction\":[{\"@type\":\"ReadAction\",\"target\":[\"https:\\\/\\\/www.curling.ca\\\/fr\\\/blog\\\/2022\\\/12\\\/29\\\/du-curling-en-fauteuil-roulant-a-leduc\\\/\"]}]},{\"@type\":\"ImageObject\",\"inLanguage\":\"fr-FR\",\"@id\":\"https:\\\/\\\/www.curling.ca\\\/fr\\\/blog\\\/2022\\\/12\\\/29\\\/du-curling-en-fauteuil-roulant-a-leduc\\\/#primaryimage\",\"url\":\"https:\\\/\\\/www.curling.ca\\\/wp-content\\\/uploads\\\/2025\\\/04\\\/leducmd-hi.jpg\",\"contentUrl\":\"https:\\\/\\\/www.curling.ca\\\/wp-content\\\/uploads\\\/2025\\\/04\\\/leducmd-hi.jpg\",\"width\":1440,\"height\":700,\"caption\":\"||\"},{\"@type\":\"BreadcrumbList\",\"@id\":\"https:\\\/\\\/www.curling.ca\\\/fr\\\/blog\\\/2022\\\/12\\\/29\\\/du-curling-en-fauteuil-roulant-a-leduc\\\/#breadcrumb\",\"itemListElement\":[{\"@type\":\"ListItem\",\"position\":1,\"name\":\"Home\",\"item\":\"https:\\\/\\\/www.curling.ca\\\/\"},{\"@type\":\"ListItem\",\"position\":2,\"name\":\"Du curling en fauteuil roulant \u00e0 Leduc!\"}]},{\"@type\":\"WebSite\",\"@id\":\"https:\\\/\\\/www.curling.ca\\\/#website\",\"url\":\"https:\\\/\\\/www.curling.ca\\\/\",\"name\":\"Curling Canada\",\"description\":\"The home of curling in Canada.\",\"publisher\":{\"@id\":\"https:\\\/\\\/www.curling.ca\\\/#organization\"},\"potentialAction\":[{\"@type\":\"SearchAction\",\"target\":{\"@type\":\"EntryPoint\",\"urlTemplate\":\"https:\\\/\\\/www.curling.ca\\\/?s={search_term_string}\"},\"query-input\":{\"@type\":\"PropertyValueSpecification\",\"valueRequired\":true,\"valueName\":\"search_term_string\"}}],\"inLanguage\":\"fr-FR\"},{\"@type\":\"Organization\",\"@id\":\"https:\\\/\\\/www.curling.ca\\\/#organization\",\"name\":\"Curling Canada\",\"url\":\"https:\\\/\\\/www.curling.ca\\\/\",\"logo\":{\"@type\":\"ImageObject\",\"inLanguage\":\"fr-FR\",\"@id\":\"https:\\\/\\\/www.curling.ca\\\/#\\\/schema\\\/logo\\\/image\\\/\",\"url\":\"https:\\\/\\\/www.curling.ca\\\/wp-content\\\/uploads\\\/2023\\\/08\\\/main-white-1.png\",\"contentUrl\":\"https:\\\/\\\/www.curling.ca\\\/wp-content\\\/uploads\\\/2023\\\/08\\\/main-white-1.png\",\"width\":74,\"height\":116,\"caption\":\"Curling Canada\"},\"image\":{\"@id\":\"https:\\\/\\\/www.curling.ca\\\/#\\\/schema\\\/logo\\\/image\\\/\"},\"sameAs\":[\"https:\\\/\\\/www.facebook.com\\\/curlingcanada\",\"https:\\\/\\\/x.com\\\/curlingcanada\",\"https:\\\/\\\/www.instagram.com\\\/curlingcanada\",\"https:\\\/\\\/www.youtube.com\\\/curlingcanada\"]}]}<\/script>\n<!-- \/ Yoast SEO plugin. -->","yoast_head_json":{"title":"Du curling en fauteuil roulant \u00e0 Leduc! - Curling Canada","robots":{"index":"index","follow":"follow","max-snippet":"max-snippet:-1","max-image-preview":"max-image-preview:large","max-video-preview":"max-video-preview:-1"},"canonical":"https:\/\/www.curling.ca\/fr\/blog\/2022\/12\/29\/du-curling-en-fauteuil-roulant-a-leduc\/","og_locale":"fr_FR","og_type":"article","og_title":"Du curling en fauteuil roulant \u00e0 Leduc! - Curling Canada","og_url":"https:\/\/www.curling.ca\/fr\/blog\/2022\/12\/29\/du-curling-en-fauteuil-roulant-a-leduc\/","og_site_name":"Curling Canada","article_publisher":"https:\/\/www.facebook.com\/curlingcanada","article_published_time":"2022-12-29T15:00:00+00:00","article_modified_time":"2025-04-22T13:51:58+00:00","og_image":[{"width":1440,"height":700,"url":"https:\/\/www.curling.ca\/wp-content\/uploads\/2025\/04\/leducmd-hi.jpg","type":"image\/jpeg"}],"twitter_card":"summary_large_image","twitter_creator":"@curlingcanada","twitter_site":"@curlingcanada","twitter_misc":{"Dur\u00e9e de lecture estim\u00e9e":"3 minutes"},"schema":{"@context":"https:\/\/schema.org","@graph":[{"@type":"Article","@id":"https:\/\/www.curling.ca\/fr\/blog\/2022\/12\/29\/du-curling-en-fauteuil-roulant-a-leduc\/#article","isPartOf":{"@id":"https:\/\/www.curling.ca\/fr\/blog\/2022\/12\/29\/du-curling-en-fauteuil-roulant-a-leduc\/"},"author":{"name":"","@id":""},"headline":"Du curling en fauteuil roulant \u00e0 Leduc!","datePublished":"2022-12-29T15:00:00+00:00","dateModified":"2025-04-22T13:51:58+00:00","mainEntityOfPage":{"@id":"https:\/\/www.curling.ca\/fr\/blog\/2022\/12\/29\/du-curling-en-fauteuil-roulant-a-leduc\/"},"wordCount":606,"publisher":{"@id":"https:\/\/www.curling.ca\/#organization"},"image":{"@id":"https:\/\/www.curling.ca\/fr\/blog\/2022\/12\/29\/du-curling-en-fauteuil-roulant-a-leduc\/#primaryimage"},"thumbnailUrl":"https:\/\/www.curling.ca\/wp-content\/uploads\/2025\/04\/leducmd-hi.jpg","keywords":["Collinda Joseph","Dana Ferguson","Dennis Thiessen","Ina Forrest","Jon Thurston","Kyle Paquette","Mark Ideson"],"articleSection":["Nos nouvelles","Tous les articles"],"inLanguage":"fr-FR"},{"@type":"WebPage","@id":"https:\/\/www.curling.ca\/fr\/blog\/2022\/12\/29\/du-curling-en-fauteuil-roulant-a-leduc\/","url":"https:\/\/www.curling.ca\/fr\/blog\/2022\/12\/29\/du-curling-en-fauteuil-roulant-a-leduc\/","name":"Du curling en fauteuil roulant \u00e0 Leduc! - Curling Canada","isPartOf":{"@id":"https:\/\/www.curling.ca\/#website"},"primaryImageOfPage":{"@id":"https:\/\/www.curling.ca\/fr\/blog\/2022\/12\/29\/du-curling-en-fauteuil-roulant-a-leduc\/#primaryimage"},"image":{"@id":"https:\/\/www.curling.ca\/fr\/blog\/2022\/12\/29\/du-curling-en-fauteuil-roulant-a-leduc\/#primaryimage"},"thumbnailUrl":"https:\/\/www.curling.ca\/wp-content\/uploads\/2025\/04\/leducmd-hi.jpg","datePublished":"2022-12-29T15:00:00+00:00","dateModified":"2025-04-22T13:51:58+00:00","breadcrumb":{"@id":"https:\/\/www.curling.ca\/fr\/blog\/2022\/12\/29\/du-curling-en-fauteuil-roulant-a-leduc\/#breadcrumb"},"inLanguage":"fr-FR","potentialAction":[{"@type":"ReadAction","target":["https:\/\/www.curling.ca\/fr\/blog\/2022\/12\/29\/du-curling-en-fauteuil-roulant-a-leduc\/"]}]},{"@type":"ImageObject","inLanguage":"fr-FR","@id":"https:\/\/www.curling.ca\/fr\/blog\/2022\/12\/29\/du-curling-en-fauteuil-roulant-a-leduc\/#primaryimage","url":"https:\/\/www.curling.ca\/wp-content\/uploads\/2025\/04\/leducmd-hi.jpg","contentUrl":"https:\/\/www.curling.ca\/wp-content\/uploads\/2025\/04\/leducmd-hi.jpg","width":1440,"height":700,"caption":"||"},{"@type":"BreadcrumbList","@id":"https:\/\/www.curling.ca\/fr\/blog\/2022\/12\/29\/du-curling-en-fauteuil-roulant-a-leduc\/#breadcrumb","itemListElement":[{"@type":"ListItem","position":1,"name":"Home","item":"https:\/\/www.curling.ca\/"},{"@type":"ListItem","position":2,"name":"Du curling en fauteuil roulant \u00e0 Leduc!"}]},{"@type":"WebSite","@id":"https:\/\/www.curling.ca\/#website","url":"https:\/\/www.curling.ca\/","name":"Curling Canada","description":"The home of curling in Canada.","publisher":{"@id":"https:\/\/www.curling.ca\/#organization"},"potentialAction":[{"@type":"SearchAction","target":{"@type":"EntryPoint","urlTemplate":"https:\/\/www.curling.ca\/?s={search_term_string}"},"query-input":{"@type":"PropertyValueSpecification","valueRequired":true,"valueName":"search_term_string"}}],"inLanguage":"fr-FR"},{"@type":"Organization","@id":"https:\/\/www.curling.ca\/#organization","name":"Curling Canada","url":"https:\/\/www.curling.ca\/","logo":{"@type":"ImageObject","inLanguage":"fr-FR","@id":"https:\/\/www.curling.ca\/#\/schema\/logo\/image\/","url":"https:\/\/www.curling.ca\/wp-content\/uploads\/2023\/08\/main-white-1.png","contentUrl":"https:\/\/www.curling.ca\/wp-content\/uploads\/2023\/08\/main-white-1.png","width":74,"height":116,"caption":"Curling Canada"},"image":{"@id":"https:\/\/www.curling.ca\/#\/schema\/logo\/image\/"},"sameAs":["https:\/\/www.facebook.com\/curlingcanada","https:\/\/x.com\/curlingcanada","https:\/\/www.instagram.com\/curlingcanada","https:\/\/www.youtube.com\/curlingcanada"]}]}},"rttpg_featured_image_url":{"full":["https:\/\/www.curling.ca\/wp-content\/uploads\/2025\/04\/leducmd-hi.jpg",1440,700,false],"landscape":["https:\/\/www.curling.ca\/wp-content\/uploads\/2025\/04\/leducmd-hi.jpg",1440,700,false],"portraits":["https:\/\/www.curling.ca\/wp-content\/uploads\/2025\/04\/leducmd-hi.jpg",1440,700,false],"thumbnail":["https:\/\/www.curling.ca\/wp-content\/uploads\/2025\/04\/leducmd-hi-150x150.jpg",150,150,true],"medium":["https:\/\/www.curling.ca\/wp-content\/uploads\/2025\/04\/leducmd-hi-300x146.jpg",300,146,true],"large":["https:\/\/www.curling.ca\/wp-content\/uploads\/2025\/04\/leducmd-hi-1024x498.jpg",1024,498,true],"1536x1536":["https:\/\/www.curling.ca\/wp-content\/uploads\/2025\/04\/leducmd-hi.jpg",1440,700,false],"2048x2048":["https:\/\/www.curling.ca\/wp-content\/uploads\/2025\/04\/leducmd-hi.jpg",1440,700,false],"post-thumbnail":["https:\/\/www.curling.ca\/wp-content\/uploads\/2025\/04\/leducmd-hi-370x180.jpg",370,180,true],"redy-thumb-huge":["https:\/\/www.curling.ca\/wp-content\/uploads\/2025\/04\/leducmd-hi-1290x700.jpg",1290,700,true],"redy-thumb-big":["https:\/\/www.curling.ca\/wp-content\/uploads\/2025\/04\/leducmd-hi-840x473.jpg",840,473,true],"redy-thumb-med":["https:\/\/www.curling.ca\/wp-content\/uploads\/2025\/04\/leducmd-hi-410x230.jpg",410,230,true],"redy-thumb-tiny":["https:\/\/www.curling.ca\/wp-content\/uploads\/2025\/04\/leducmd-hi-120x120.jpg",120,120,true],"redy-thumb-masonry-big":["https:\/\/www.curling.ca\/wp-content\/uploads\/2025\/04\/leducmd-hi-840x408.jpg",840,408,true],"redy-thumb-masonry":["https:\/\/www.curling.ca\/wp-content\/uploads\/2025\/04\/leducmd-hi-410x199.jpg",410,199,true],"redy-thumb-rectangle":["https:\/\/www.curling.ca\/wp-content\/uploads\/2025\/04\/leducmd-hi-570x696.jpg",570,696,true],"redy-thumb-medium-square":["https:\/\/www.curling.ca\/wp-content\/uploads\/2025\/04\/leducmd-hi-650x572.jpg",650,572,true],"redy-thumb-square":["https:\/\/www.curling.ca\/wp-content\/uploads\/2025\/04\/leducmd-hi-890x664.jpg",890,664,true],"trx_addons-thumb-small":["https:\/\/www.curling.ca\/wp-content\/uploads\/2025\/04\/leducmd-hi-270x152.jpg",270,152,true],"trx_addons-thumb-portrait":["https:\/\/www.curling.ca\/wp-content\/uploads\/2025\/04\/leducmd-hi-370x493.jpg",370,493,true],"trx_addons-thumb-avatar":["https:\/\/www.curling.ca\/wp-content\/uploads\/2025\/04\/leducmd-hi-370x370.jpg",370,370,true],"rt_custom":["https:\/\/www.curling.ca\/wp-content\/uploads\/2025\/04\/leducmd-hi.jpg",1440,700,false]},"rttpg_author":{"display_name":"","author_link":"https:\/\/www.curling.ca\/fr\/blog\/author\/"},"rttpg_comment":0,"rttpg_category":"<a href=\"https:\/\/www.curling.ca\/blog\/category\/posts\/tous-les-articles\/nos-nouvelles\/\" rel=\"category tag\">Nos nouvelles<\/a> <a href=\"https:\/\/www.curling.ca\/fr\/blog\/category\/posts\/tous-les-articles\/\" rel=\"category tag\">Tous les articles<\/a>","rttpg_excerpt":null,"_links":{"self":[{"href":"https:\/\/www.curling.ca\/fr\/wp-json\/wp\/v2\/posts\/538294","targetHints":{"allow":["GET"]}}],"collection":[{"href":"https:\/\/www.curling.ca\/fr\/wp-json\/wp\/v2\/posts"}],"about":[{"href":"https:\/\/www.curling.ca\/fr\/wp-json\/wp\/v2\/types\/post"}],"replies":[{"embeddable":true,"href":"https:\/\/www.curling.ca\/fr\/wp-json\/wp\/v2\/comments?post=538294"}],"version-history":[{"count":0,"href":"https:\/\/www.curling.ca\/fr\/wp-json\/wp\/v2\/posts\/538294\/revisions"}],"wp:featuredmedia":[{"embeddable":true,"href":"https:\/\/www.curling.ca\/fr\/wp-json\/wp\/v2\/media\/597742"}],"wp:attachment":[{"href":"https:\/\/www.curling.ca\/fr\/wp-json\/wp\/v2\/media?parent=538294"}],"wp:term":[{"taxonomy":"category","embeddable":true,"href":"https:\/\/www.curling.ca\/fr\/wp-json\/wp\/v2\/categories?post=538294"},{"taxonomy":"post_tag","embeddable":true,"href":"https:\/\/www.curling.ca\/fr\/wp-json\/wp\/v2\/tags?post=538294"}],"curies":[{"name":"wp","href":"https:\/\/api.w.org\/{rel}","templated":true}]}}