{"id":613876,"date":"2025-04-10T14:44:10","date_gmt":"2025-04-10T18:44:10","guid":{"rendered":"https:\/\/www.curling.ca\/blog\/2025\/04\/10\/le-mondial-junior-commence-samedi\/"},"modified":"2025-05-28T16:06:17","modified_gmt":"2025-05-28T20:06:17","slug":"le-mondial-junior-commence-samedi","status":"publish","type":"post","link":"https:\/\/www.curling.ca\/fr\/blog\/2025\/04\/10\/le-mondial-junior-commence-samedi\/","title":{"rendered":"Le Mondial junior commence samedi"},"content":{"rendered":"\n<div class=\"wp-block-cossette-block-container\">\n<figure class=\"wp-block-image size-large\"><a href=\"https:\/\/www.curling.ca\/wp-content\/uploads\/2025\/05\/DSC_9663-scaled.jpg\"><img decoding=\"async\" src=\"https:\/\/www.curling.ca\/wp-content\/uploads\/2025\/05\/DSC_9663-scaled.jpg\" alt=\"\" class=\"wp-image-523318\" \/><\/a><figcaption class=\"wp-element-caption\">Fort McMurray Ab,March 31, 2024.Suncor Community Leisure Centre.New Holland Canadian U-21(L-R) Gold Medal winners, team Nova Scotia (L-R) lead Grace McCusker, 2nd.Alison Umlah,3rd.Maria Fitzgerald, skip Ally MacNutt, Team Alberta (L-R) skip Kenan Wipf,3rd.Ky Macaulay,2nd.Michael Keenan, lead Max Cinnamon.Curling Canada\/ Michael Burns Photo<\/figcaption><\/figure>\n\n\n\n<div style=\"height:20px\" aria-hidden=\"true\" class=\"wp-block-spacer\"><\/div>\n\n\n\n<div style=\"text-align:left\" class=\"wp-block-cgb-block-algori-social-share-buttons\"><button class=\"bttn-simple bttn-md bttn-primary algori-social-\nshare-buttons-settings algori-social-share-buttons-facebook\"><i class=\"fab fa-facebook-f\"><\/i> Facebook<\/button><button class=\"bttn-simple bttn-md bttn-\nprimary algori-social-share-buttons-settings algori-social-share-buttons-twitter\"><i class=\"fab fa-twitter\"><\/i> Twitter<\/button><button class=\"bttn-simple bttn-md bttn-primary\nalgori-social-share-buttons-settings algori-social-share-buttons-email\"><i class=\"fas fa-envelope\"><\/i> Email<\/button><\/div>\n\n\n\n<div style=\"height:20px\" aria-hidden=\"true\" class=\"wp-block-spacer\"><\/div>\n\n\n\n<h2 class=\"wp-block-heading\">Les champions canadiens U20 se rendent en Italie pour les Championnats du monde<\/h2>\n\n\n\n<div style=\"height:20px\" aria-hidden=\"true\" class=\"wp-block-spacer\"><\/div>\n\n\n\n<p class=\"wp-block-paragraph\">Dans moins d\u2019un an, les Jeux olympiques seront pr\u00e9sent\u00e9s en Italie. Les athl\u00e8tes repr\u00e9sentant leur pays respectif ne seront toutefois pas les premiers joueurs de curling \u00e0 sauter sur la glace \u00e0 Cortina d\u2019Ampezzo, l\u2019hiver prochain.&nbsp;<\/p>\n\n\n\n<p class=\"wp-block-paragraph\">Cet honneur reviendra, cette semaine, aux participants du Championnat du monde de curling junior, qui servira d\u2019\u00e9preuve test pour les Olympiques de l\u2019an prochain.&nbsp;<\/p>\n\n\n\n<p class=\"wp-block-paragraph\">Les vingt \u00e9quipes en comp\u00e9tition sur le site olympique (10 formations masculines et 10 formations f\u00e9minines) disputeront un tournoi \u00e0 la ronde de neuf parties, au terme duquel quatre \u00e9quipes vont acc\u00e9der aux \u00e9liminatoires.&nbsp;<\/p>\n\n\n\n<p class=\"wp-block-paragraph\">Le Canada sera repr\u00e9sent\u00e9 par le capitaine Kenan Wipf et son \u00e9quipe de l\u2019Alberta, et par l\u2019\u00e9quipe de la capitaine Allyson MacNutt, de la Nouvelle-\u00c9cosse. Ces deux \u00e9quipes ont m\u00e9rit\u00e9 le droit de porter les couleurs du Canada, l\u2019an dernier, lors des Championnats canadiens U20 New Holland \u00e0 Fort McMurray, en Alberta.&nbsp;<\/p>\n\n\n\n<p class=\"wp-block-paragraph\">Wipf \u2013 qui joue avec Ky Macauley, Michael Keenan, et Max Cinnamon \u2013 joue au Club Glencoe, \u00e0 Calgary. L\u2019\u00e9quipe est compl\u00e9t\u00e9e par le rempla\u00e7ant Adam Naugler et les entra\u00eeneurs Laine Peters et Derek Bowyer.&nbsp;<\/p>\n\n\n\n<p class=\"wp-block-paragraph\">Quant \u00e0 elle, MacNutt repr\u00e9sente le Club de curling de Halifax; ses co\u00e9quipi\u00e8res sont Maria Fitzgerald, Allison Umlah et Grace McCusker, alors que Cailey Locke agira comme rempla\u00e7ante. Teresa Breen sera l\u2019entra\u00eeneuse, tandis que Helen Radford se joindra au groupe comme cheffe d\u2019\u00e9quipe.&nbsp;<\/p>\n\n\n\n<p class=\"wp-block-paragraph\">\u00abNous sommes vraiment excit\u00e9es, assure MacNutt. Nous avons travaill\u00e9 fort durant cette longue attente d\u2019un an, sur la glace comme \u00e0 l\u2019ext\u00e9rieur. Nous sommes ravies de repr\u00e9senter le Canada aux Mondiaux junior; nous avons h\u00e2te que \u00e7a commence.\u00bb\u202f&nbsp;<\/p>\n\n\n\n<p class=\"wp-block-paragraph\">Le syst\u00e8me canadien actuel d\u00e9l\u00e8gue les champions U20 au Championnat du monde de l\u2019ann\u00e9e suivante, afin de donner plus de temps aux \u00e9quipes pour se pr\u00e9parer. Dans le pass\u00e9, le court d\u00e9lai entre les championnats canadiens et le Championnat du monde (qui n\u00e9cessitait souvent un long voyage \u00e0 l\u2019\u00e9tranger) semblait pr\u00e9cipit\u00e9, et ne laissait pas assez de temps aux joueurs et aux joueuses pour r\u00e9cup\u00e9rer, ou pour se pr\u00e9parer ad\u00e9quatement pour la deuxi\u00e8me comp\u00e9tition.&nbsp;<\/p>\n\n\n\n<p class=\"wp-block-paragraph\">\u00c9quipe MacNutt a toutefois d\u00fb attendre une journ\u00e9e de plus pour aller au Championnat du monde, un vol retard\u00e9 l\u2019ayant oblig\u00e9e \u00e0 passer une nuit \u00e0 l\u2019a\u00e9roport de Newark. L\u2019\u00e9quipe en a toutefois profit\u00e9 pour visiter New York. Elles se sont envol\u00e9es pour Venise, mercredi.&nbsp;<\/p>\n\n\n\n<p class=\"wp-block-paragraph\">Les \u00e9quipes vont participer \u00e0 une rencontre avant la comp\u00e9tition, vendredi, suivie par les pratiques. Les rencontres commencent samedi; les femmes vont affronter la Suisse \u00e0 9 h 30, heure locale (3 h 30, heure de l\u2019Est), alors que les hommes joueront contre le Danemark \u00e0 14 h, heure locale (8 h, heure de l\u2019Est).&nbsp;<\/p>\n\n\n\n<p class=\"wp-block-paragraph\"><a href=\"https:\/\/livescores.worldcurling.org\/wjcc\/\">Cliquez ici<\/a> pour les horaires et les r\u00e9sultats.\u00a0<\/p>\n\n\n\n<p class=\"wp-block-paragraph\">La webdiffusion est offerte avec un abonnement payant sur <a href=\"http:\/\/curlingchannel.tv\/\" target=\"_blank\" rel=\"noreferrer noopener\">CurlingChannel.tv<\/a>.&nbsp;<\/p>\n<\/div>\n\n\n\n\n\n\n\n<div style=\"height:20px\" aria-hidden=\"true\" class=\"wp-block-spacer\"><\/div>\n\n\n\n\n\n<div style=\"height:20px\" aria-hidden=\"true\" class=\"wp-block-spacer\"><\/div>\n\n\n<p><!-- wp:acf\/prefooter {\"id\":\"block_5db0a8407ef5f\",\"name\":\"acf\/prefooter\",\"data\":{\"prefooter_title\":\"Curling\nCanada\",\"_prefooter_title\":\"field_5d72cc35066b0\",\"prefooter_body\":\"\",\"_prefooter_body\":\"field_5d72cc452864e\",\"prefooter_enable_background\":\"0\n\/--><\/p>","protected":false},"excerpt":{"rendered":"","protected":false},"author":4,"featured_media":613636,"comment_status":"closed","ping_status":"closed","sticky":false,"template":"","format":"standard","meta":{"footnotes":""},"categories":[4771,4772,2670],"tags":[396,328,4914,880,413,559,679],"class_list":["post-613876","post","type-post","status-publish","format-standard","has-post-thumbnail","hentry","category-nos-histoirestous-les-articles","category-nos-nouvelles-nos-histoirestous-les-articles","category-tous-les-articles","tag-allyson-macnutt","tag-curling","tag-curling-fr-2","tag-italy","tag-kenan-wipf","tag-team-canada","tag-u20"],"yoast_head":"<!-- This site is optimized with the Yoast SEO plugin v28.4 - https:\/\/yoast.com\/product\/yoast-seo-wordpress\/ -->\n<title>Le Mondial junior commence samedi - Curling Canada<\/title>\n<meta name=\"robots\" content=\"index, follow, max-snippet:-1, max-image-preview:large, max-video-preview:-1\" \/>\n<link rel=\"canonical\" href=\"https:\/\/www.curling.ca\/fr\/blog\/2025\/04\/10\/le-mondial-junior-commence-samedi\/\" \/>\n<meta property=\"og:locale\" content=\"fr_FR\" \/>\n<meta property=\"og:type\" content=\"article\" \/>\n<meta property=\"og:title\" content=\"Le Mondial junior commence samedi - Curling Canada\" \/>\n<meta property=\"og:url\" content=\"https:\/\/www.curling.ca\/fr\/blog\/2025\/04\/10\/le-mondial-junior-commence-samedi\/\" \/>\n<meta property=\"og:site_name\" content=\"Curling Canada\" \/>\n<meta property=\"article:publisher\" content=\"https:\/\/www.facebook.com\/curlingcanada\" \/>\n<meta property=\"article:published_time\" content=\"2025-04-10T18:44:10+00:00\" \/>\n<meta property=\"article:modified_time\" content=\"2025-05-28T20:06:17+00:00\" \/>\n<meta property=\"og:image\" content=\"https:\/\/www.curling.ca\/wp-content\/uploads\/2025\/05\/DSC_9663-scaled.jpg\" \/>\n\t<meta property=\"og:image:width\" content=\"2560\" \/>\n\t<meta property=\"og:image:height\" content=\"1257\" \/>\n\t<meta property=\"og:image:type\" content=\"image\/jpeg\" \/>\n<meta name=\"author\" content=\"Andrew Robinson\" \/>\n<meta name=\"twitter:card\" content=\"summary_large_image\" \/>\n<meta name=\"twitter:creator\" content=\"@curlingcanada\" \/>\n<meta name=\"twitter:site\" content=\"@curlingcanada\" \/>\n<meta name=\"twitter:label1\" content=\"\u00c9crit par\" \/>\n\t<meta name=\"twitter:data1\" content=\"Andrew Robinson\" \/>\n\t<meta name=\"twitter:label2\" content=\"Dur\u00e9e de lecture estim\u00e9e\" \/>\n\t<meta name=\"twitter:data2\" content=\"3 minutes\" \/>\n<script type=\"application\/ld+json\" class=\"yoast-schema-graph\">{\"@context\":\"https:\\\/\\\/schema.org\",\"@graph\":[{\"@type\":\"Article\",\"@id\":\"https:\\\/\\\/www.curling.ca\\\/fr\\\/blog\\\/2025\\\/04\\\/10\\\/le-mondial-junior-commence-samedi\\\/#article\",\"isPartOf\":{\"@id\":\"https:\\\/\\\/www.curling.ca\\\/fr\\\/blog\\\/2025\\\/04\\\/10\\\/le-mondial-junior-commence-samedi\\\/\"},\"author\":{\"name\":\"Andrew Robinson\",\"@id\":\"https:\\\/\\\/www.curling.ca\\\/#\\\/schema\\\/person\\\/9a532ae9df68fd738f914ce2c1f22329\"},\"headline\":\"Le Mondial junior commence samedi\",\"datePublished\":\"2025-04-10T18:44:10+00:00\",\"dateModified\":\"2025-05-28T20:06:17+00:00\",\"mainEntityOfPage\":{\"@id\":\"https:\\\/\\\/www.curling.ca\\\/fr\\\/blog\\\/2025\\\/04\\\/10\\\/le-mondial-junior-commence-samedi\\\/\"},\"wordCount\":579,\"publisher\":{\"@id\":\"https:\\\/\\\/www.curling.ca\\\/#organization\"},\"image\":{\"@id\":\"https:\\\/\\\/www.curling.ca\\\/fr\\\/blog\\\/2025\\\/04\\\/10\\\/le-mondial-junior-commence-samedi\\\/#primaryimage\"},\"thumbnailUrl\":\"https:\\\/\\\/www.curling.ca\\\/wp-content\\\/uploads\\\/2025\\\/05\\\/DSC_9663-scaled.jpg\",\"keywords\":[\"Allyson MacNutt\",\"curling\",\"curling\",\"Italy\",\"Kenan Wipf\",\"Team Canada\",\"u20\"],\"articleSection\":[\"Nos histoires|Tous les articles\",\"Nos nouvelles\",\"Tous les articles\"],\"inLanguage\":\"fr-FR\"},{\"@type\":\"WebPage\",\"@id\":\"https:\\\/\\\/www.curling.ca\\\/fr\\\/blog\\\/2025\\\/04\\\/10\\\/le-mondial-junior-commence-samedi\\\/\",\"url\":\"https:\\\/\\\/www.curling.ca\\\/fr\\\/blog\\\/2025\\\/04\\\/10\\\/le-mondial-junior-commence-samedi\\\/\",\"name\":\"Le Mondial junior commence samedi - Curling Canada\",\"isPartOf\":{\"@id\":\"https:\\\/\\\/www.curling.ca\\\/#website\"},\"primaryImageOfPage\":{\"@id\":\"https:\\\/\\\/www.curling.ca\\\/fr\\\/blog\\\/2025\\\/04\\\/10\\\/le-mondial-junior-commence-samedi\\\/#primaryimage\"},\"image\":{\"@id\":\"https:\\\/\\\/www.curling.ca\\\/fr\\\/blog\\\/2025\\\/04\\\/10\\\/le-mondial-junior-commence-samedi\\\/#primaryimage\"},\"thumbnailUrl\":\"https:\\\/\\\/www.curling.ca\\\/wp-content\\\/uploads\\\/2025\\\/05\\\/DSC_9663-scaled.jpg\",\"datePublished\":\"2025-04-10T18:44:10+00:00\",\"dateModified\":\"2025-05-28T20:06:17+00:00\",\"breadcrumb\":{\"@id\":\"https:\\\/\\\/www.curling.ca\\\/fr\\\/blog\\\/2025\\\/04\\\/10\\\/le-mondial-junior-commence-samedi\\\/#breadcrumb\"},\"inLanguage\":\"fr-FR\",\"potentialAction\":[{\"@type\":\"ReadAction\",\"target\":[\"https:\\\/\\\/www.curling.ca\\\/fr\\\/blog\\\/2025\\\/04\\\/10\\\/le-mondial-junior-commence-samedi\\\/\"]}]},{\"@type\":\"ImageObject\",\"inLanguage\":\"fr-FR\",\"@id\":\"https:\\\/\\\/www.curling.ca\\\/fr\\\/blog\\\/2025\\\/04\\\/10\\\/le-mondial-junior-commence-samedi\\\/#primaryimage\",\"url\":\"https:\\\/\\\/www.curling.ca\\\/wp-content\\\/uploads\\\/2025\\\/05\\\/DSC_9663-scaled.jpg\",\"contentUrl\":\"https:\\\/\\\/www.curling.ca\\\/wp-content\\\/uploads\\\/2025\\\/05\\\/DSC_9663-scaled.jpg\",\"width\":2560,\"height\":1257,\"caption\":\"Fort McMurray Ab\"},{\"@type\":\"BreadcrumbList\",\"@id\":\"https:\\\/\\\/www.curling.ca\\\/fr\\\/blog\\\/2025\\\/04\\\/10\\\/le-mondial-junior-commence-samedi\\\/#breadcrumb\",\"itemListElement\":[{\"@type\":\"ListItem\",\"position\":1,\"name\":\"Home\",\"item\":\"https:\\\/\\\/www.curling.ca\\\/\"},{\"@type\":\"ListItem\",\"position\":2,\"name\":\"Le Mondial junior commence samedi\"}]},{\"@type\":\"WebSite\",\"@id\":\"https:\\\/\\\/www.curling.ca\\\/#website\",\"url\":\"https:\\\/\\\/www.curling.ca\\\/\",\"name\":\"Curling Canada\",\"description\":\"The home of curling in Canada.\",\"publisher\":{\"@id\":\"https:\\\/\\\/www.curling.ca\\\/#organization\"},\"potentialAction\":[{\"@type\":\"SearchAction\",\"target\":{\"@type\":\"EntryPoint\",\"urlTemplate\":\"https:\\\/\\\/www.curling.ca\\\/?s={search_term_string}\"},\"query-input\":{\"@type\":\"PropertyValueSpecification\",\"valueRequired\":true,\"valueName\":\"search_term_string\"}}],\"inLanguage\":\"fr-FR\"},{\"@type\":\"Organization\",\"@id\":\"https:\\\/\\\/www.curling.ca\\\/#organization\",\"name\":\"Curling Canada\",\"url\":\"https:\\\/\\\/www.curling.ca\\\/\",\"logo\":{\"@type\":\"ImageObject\",\"inLanguage\":\"fr-FR\",\"@id\":\"https:\\\/\\\/www.curling.ca\\\/#\\\/schema\\\/logo\\\/image\\\/\",\"url\":\"https:\\\/\\\/www.curling.ca\\\/wp-content\\\/uploads\\\/2023\\\/08\\\/main-white-1.png\",\"contentUrl\":\"https:\\\/\\\/www.curling.ca\\\/wp-content\\\/uploads\\\/2023\\\/08\\\/main-white-1.png\",\"width\":74,\"height\":116,\"caption\":\"Curling Canada\"},\"image\":{\"@id\":\"https:\\\/\\\/www.curling.ca\\\/#\\\/schema\\\/logo\\\/image\\\/\"},\"sameAs\":[\"https:\\\/\\\/www.facebook.com\\\/curlingcanada\",\"https:\\\/\\\/x.com\\\/curlingcanada\",\"https:\\\/\\\/www.instagram.com\\\/curlingcanada\",\"https:\\\/\\\/www.youtube.com\\\/curlingcanada\"]},{\"@type\":\"Person\",\"@id\":\"https:\\\/\\\/www.curling.ca\\\/#\\\/schema\\\/person\\\/9a532ae9df68fd738f914ce2c1f22329\",\"name\":\"Andrew Robinson\",\"image\":{\"@type\":\"ImageObject\",\"inLanguage\":\"fr-FR\",\"@id\":\"https:\\\/\\\/secure.gravatar.com\\\/avatar\\\/9365c0ac47bc6b3a2d130915f2a4a8e354be829383df2c29488e1de5ae7c0d25?s=96&d=mm&r=g\",\"url\":\"https:\\\/\\\/secure.gravatar.com\\\/avatar\\\/9365c0ac47bc6b3a2d130915f2a4a8e354be829383df2c29488e1de5ae7c0d25?s=96&d=mm&r=g\",\"contentUrl\":\"https:\\\/\\\/secure.gravatar.com\\\/avatar\\\/9365c0ac47bc6b3a2d130915f2a4a8e354be829383df2c29488e1de5ae7c0d25?s=96&d=mm&r=g\",\"caption\":\"Andrew Robinson\"},\"url\":\"https:\\\/\\\/www.curling.ca\\\/fr\\\/blog\\\/author\\\/andrew\\\/\"}]}<\/script>\n<!-- \/ Yoast SEO plugin. -->","yoast_head_json":{"title":"Le Mondial junior commence samedi - Curling Canada","robots":{"index":"index","follow":"follow","max-snippet":"max-snippet:-1","max-image-preview":"max-image-preview:large","max-video-preview":"max-video-preview:-1"},"canonical":"https:\/\/www.curling.ca\/fr\/blog\/2025\/04\/10\/le-mondial-junior-commence-samedi\/","og_locale":"fr_FR","og_type":"article","og_title":"Le Mondial junior commence samedi - Curling Canada","og_url":"https:\/\/www.curling.ca\/fr\/blog\/2025\/04\/10\/le-mondial-junior-commence-samedi\/","og_site_name":"Curling Canada","article_publisher":"https:\/\/www.facebook.com\/curlingcanada","article_published_time":"2025-04-10T18:44:10+00:00","article_modified_time":"2025-05-28T20:06:17+00:00","og_image":[{"width":2560,"height":1257,"url":"https:\/\/www.curling.ca\/wp-content\/uploads\/2025\/05\/DSC_9663-scaled.jpg","type":"image\/jpeg"}],"author":"Andrew Robinson","twitter_card":"summary_large_image","twitter_creator":"@curlingcanada","twitter_site":"@curlingcanada","twitter_misc":{"\u00c9crit par":"Andrew Robinson","Dur\u00e9e de lecture estim\u00e9e":"3 minutes"},"schema":{"@context":"https:\/\/schema.org","@graph":[{"@type":"Article","@id":"https:\/\/www.curling.ca\/fr\/blog\/2025\/04\/10\/le-mondial-junior-commence-samedi\/#article","isPartOf":{"@id":"https:\/\/www.curling.ca\/fr\/blog\/2025\/04\/10\/le-mondial-junior-commence-samedi\/"},"author":{"name":"Andrew Robinson","@id":"https:\/\/www.curling.ca\/#\/schema\/person\/9a532ae9df68fd738f914ce2c1f22329"},"headline":"Le Mondial junior commence samedi","datePublished":"2025-04-10T18:44:10+00:00","dateModified":"2025-05-28T20:06:17+00:00","mainEntityOfPage":{"@id":"https:\/\/www.curling.ca\/fr\/blog\/2025\/04\/10\/le-mondial-junior-commence-samedi\/"},"wordCount":579,"publisher":{"@id":"https:\/\/www.curling.ca\/#organization"},"image":{"@id":"https:\/\/www.curling.ca\/fr\/blog\/2025\/04\/10\/le-mondial-junior-commence-samedi\/#primaryimage"},"thumbnailUrl":"https:\/\/www.curling.ca\/wp-content\/uploads\/2025\/05\/DSC_9663-scaled.jpg","keywords":["Allyson MacNutt","curling","curling","Italy","Kenan Wipf","Team Canada","u20"],"articleSection":["Nos histoires|Tous les articles","Nos nouvelles","Tous les articles"],"inLanguage":"fr-FR"},{"@type":"WebPage","@id":"https:\/\/www.curling.ca\/fr\/blog\/2025\/04\/10\/le-mondial-junior-commence-samedi\/","url":"https:\/\/www.curling.ca\/fr\/blog\/2025\/04\/10\/le-mondial-junior-commence-samedi\/","name":"Le Mondial junior commence samedi - Curling Canada","isPartOf":{"@id":"https:\/\/www.curling.ca\/#website"},"primaryImageOfPage":{"@id":"https:\/\/www.curling.ca\/fr\/blog\/2025\/04\/10\/le-mondial-junior-commence-samedi\/#primaryimage"},"image":{"@id":"https:\/\/www.curling.ca\/fr\/blog\/2025\/04\/10\/le-mondial-junior-commence-samedi\/#primaryimage"},"thumbnailUrl":"https:\/\/www.curling.ca\/wp-content\/uploads\/2025\/05\/DSC_9663-scaled.jpg","datePublished":"2025-04-10T18:44:10+00:00","dateModified":"2025-05-28T20:06:17+00:00","breadcrumb":{"@id":"https:\/\/www.curling.ca\/fr\/blog\/2025\/04\/10\/le-mondial-junior-commence-samedi\/#breadcrumb"},"inLanguage":"fr-FR","potentialAction":[{"@type":"ReadAction","target":["https:\/\/www.curling.ca\/fr\/blog\/2025\/04\/10\/le-mondial-junior-commence-samedi\/"]}]},{"@type":"ImageObject","inLanguage":"fr-FR","@id":"https:\/\/www.curling.ca\/fr\/blog\/2025\/04\/10\/le-mondial-junior-commence-samedi\/#primaryimage","url":"https:\/\/www.curling.ca\/wp-content\/uploads\/2025\/05\/DSC_9663-scaled.jpg","contentUrl":"https:\/\/www.curling.ca\/wp-content\/uploads\/2025\/05\/DSC_9663-scaled.jpg","width":2560,"height":1257,"caption":"Fort McMurray Ab"},{"@type":"BreadcrumbList","@id":"https:\/\/www.curling.ca\/fr\/blog\/2025\/04\/10\/le-mondial-junior-commence-samedi\/#breadcrumb","itemListElement":[{"@type":"ListItem","position":1,"name":"Home","item":"https:\/\/www.curling.ca\/"},{"@type":"ListItem","position":2,"name":"Le Mondial junior commence samedi"}]},{"@type":"WebSite","@id":"https:\/\/www.curling.ca\/#website","url":"https:\/\/www.curling.ca\/","name":"Curling Canada","description":"The home of curling in Canada.","publisher":{"@id":"https:\/\/www.curling.ca\/#organization"},"potentialAction":[{"@type":"SearchAction","target":{"@type":"EntryPoint","urlTemplate":"https:\/\/www.curling.ca\/?s={search_term_string}"},"query-input":{"@type":"PropertyValueSpecification","valueRequired":true,"valueName":"search_term_string"}}],"inLanguage":"fr-FR"},{"@type":"Organization","@id":"https:\/\/www.curling.ca\/#organization","name":"Curling Canada","url":"https:\/\/www.curling.ca\/","logo":{"@type":"ImageObject","inLanguage":"fr-FR","@id":"https:\/\/www.curling.ca\/#\/schema\/logo\/image\/","url":"https:\/\/www.curling.ca\/wp-content\/uploads\/2023\/08\/main-white-1.png","contentUrl":"https:\/\/www.curling.ca\/wp-content\/uploads\/2023\/08\/main-white-1.png","width":74,"height":116,"caption":"Curling Canada"},"image":{"@id":"https:\/\/www.curling.ca\/#\/schema\/logo\/image\/"},"sameAs":["https:\/\/www.facebook.com\/curlingcanada","https:\/\/x.com\/curlingcanada","https:\/\/www.instagram.com\/curlingcanada","https:\/\/www.youtube.com\/curlingcanada"]},{"@type":"Person","@id":"https:\/\/www.curling.ca\/#\/schema\/person\/9a532ae9df68fd738f914ce2c1f22329","name":"Andrew Robinson","image":{"@type":"ImageObject","inLanguage":"fr-FR","@id":"https:\/\/secure.gravatar.com\/avatar\/9365c0ac47bc6b3a2d130915f2a4a8e354be829383df2c29488e1de5ae7c0d25?s=96&d=mm&r=g","url":"https:\/\/secure.gravatar.com\/avatar\/9365c0ac47bc6b3a2d130915f2a4a8e354be829383df2c29488e1de5ae7c0d25?s=96&d=mm&r=g","contentUrl":"https:\/\/secure.gravatar.com\/avatar\/9365c0ac47bc6b3a2d130915f2a4a8e354be829383df2c29488e1de5ae7c0d25?s=96&d=mm&r=g","caption":"Andrew Robinson"},"url":"https:\/\/www.curling.ca\/fr\/blog\/author\/andrew\/"}]}},"rttpg_featured_image_url":{"full":["https:\/\/www.curling.ca\/wp-content\/uploads\/2025\/05\/DSC_9663-scaled.jpg",2560,1257,false],"landscape":["https:\/\/www.curling.ca\/wp-content\/uploads\/2025\/05\/DSC_9663-scaled.jpg",2560,1257,false],"portraits":["https:\/\/www.curling.ca\/wp-content\/uploads\/2025\/05\/DSC_9663-scaled.jpg",2560,1257,false],"thumbnail":["https:\/\/www.curling.ca\/wp-content\/uploads\/2025\/05\/DSC_9663-150x150.jpg",150,150,true],"medium":["https:\/\/www.curling.ca\/wp-content\/uploads\/2025\/05\/DSC_9663-300x147.jpg",300,147,true],"large":["https:\/\/www.curling.ca\/wp-content\/uploads\/2025\/05\/DSC_9663-1024x503.jpg",1024,503,true],"1536x1536":["https:\/\/www.curling.ca\/wp-content\/uploads\/2025\/05\/DSC_9663-1536x754.jpg",1536,754,true],"2048x2048":["https:\/\/www.curling.ca\/wp-content\/uploads\/2025\/05\/DSC_9663-2048x1006.jpg",2048,1006,true],"post-thumbnail":["https:\/\/www.curling.ca\/wp-content\/uploads\/2025\/05\/DSC_9663-370x182.jpg",370,182,true],"redy-thumb-huge":["https:\/\/www.curling.ca\/wp-content\/uploads\/2025\/05\/DSC_9663-1290x725.jpg",1290,725,true],"redy-thumb-big":["https:\/\/www.curling.ca\/wp-content\/uploads\/2025\/05\/DSC_9663-840x473.jpg",840,473,true],"redy-thumb-med":["https:\/\/www.curling.ca\/wp-content\/uploads\/2025\/05\/DSC_9663-410x230.jpg",410,230,true],"redy-thumb-tiny":["https:\/\/www.curling.ca\/wp-content\/uploads\/2025\/05\/DSC_9663-120x120.jpg",120,120,true],"redy-thumb-masonry-big":["https:\/\/www.curling.ca\/wp-content\/uploads\/2025\/05\/DSC_9663-840x413.jpg",840,413,true],"redy-thumb-masonry":["https:\/\/www.curling.ca\/wp-content\/uploads\/2025\/05\/DSC_9663-410x201.jpg",410,201,true],"redy-thumb-rectangle":["https:\/\/www.curling.ca\/wp-content\/uploads\/2025\/05\/DSC_9663-570x696.jpg",570,696,true],"redy-thumb-medium-square":["https:\/\/www.curling.ca\/wp-content\/uploads\/2025\/05\/DSC_9663-650x572.jpg",650,572,true],"redy-thumb-square":["https:\/\/www.curling.ca\/wp-content\/uploads\/2025\/05\/DSC_9663-890x664.jpg",890,664,true],"trx_addons-thumb-small":["https:\/\/www.curling.ca\/wp-content\/uploads\/2025\/05\/DSC_9663-270x152.jpg",270,152,true],"trx_addons-thumb-portrait":["https:\/\/www.curling.ca\/wp-content\/uploads\/2025\/05\/DSC_9663-370x493.jpg",370,493,true],"trx_addons-thumb-avatar":["https:\/\/www.curling.ca\/wp-content\/uploads\/2025\/05\/DSC_9663-370x370.jpg",370,370,true],"rt_custom":["https:\/\/www.curling.ca\/wp-content\/uploads\/2025\/05\/DSC_9663-scaled.jpg",2560,1257,false]},"rttpg_author":{"display_name":"Andrew Robinson","author_link":"https:\/\/www.curling.ca\/fr\/blog\/author\/andrew\/"},"rttpg_comment":0,"rttpg_category":"<a href=\"https:\/\/www.curling.ca\/fr\/blog\/category\/posts\/tous-les-articles\/nos-histoirestous-les-articles\/\" rel=\"category tag\">Nos histoires|Tous les articles<\/a> <a href=\"https:\/\/www.curling.ca\/fr\/blog\/category\/posts\/tous-les-articles\/nos-histoirestous-les-articles\/nos-nouvelles-nos-histoirestous-les-articles\/\" rel=\"category tag\">Nos nouvelles<\/a> <a href=\"https:\/\/www.curling.ca\/fr\/blog\/category\/posts\/tous-les-articles\/\" rel=\"category tag\">Tous les articles<\/a>","rttpg_excerpt":null,"_links":{"self":[{"href":"https:\/\/www.curling.ca\/fr\/wp-json\/wp\/v2\/posts\/613876","targetHints":{"allow":["GET"]}}],"collection":[{"href":"https:\/\/www.curling.ca\/fr\/wp-json\/wp\/v2\/posts"}],"about":[{"href":"https:\/\/www.curling.ca\/fr\/wp-json\/wp\/v2\/types\/post"}],"author":[{"embeddable":true,"href":"https:\/\/www.curling.ca\/fr\/wp-json\/wp\/v2\/users\/4"}],"replies":[{"embeddable":true,"href":"https:\/\/www.curling.ca\/fr\/wp-json\/wp\/v2\/comments?post=613876"}],"version-history":[{"count":0,"href":"https:\/\/www.curling.ca\/fr\/wp-json\/wp\/v2\/posts\/613876\/revisions"}],"wp:featuredmedia":[{"embeddable":true,"href":"https:\/\/www.curling.ca\/fr\/wp-json\/wp\/v2\/media\/613636"}],"wp:attachment":[{"href":"https:\/\/www.curling.ca\/fr\/wp-json\/wp\/v2\/media?parent=613876"}],"wp:term":[{"taxonomy":"category","embeddable":true,"href":"https:\/\/www.curling.ca\/fr\/wp-json\/wp\/v2\/categories?post=613876"},{"taxonomy":"post_tag","embeddable":true,"href":"https:\/\/www.curling.ca\/fr\/wp-json\/wp\/v2\/tags?post=613876"}],"curies":[{"name":"wp","href":"https:\/\/api.w.org\/{rel}","templated":true}]}}