{"id":617276,"date":"2025-11-04T13:00:17","date_gmt":"2025-11-04T17:00:17","guid":{"rendered":"https:\/\/www.curling.ca\/?p=617276"},"modified":"2025-11-03T14:55:36","modified_gmt":"2025-11-03T18:55:36","slug":"equipe-canada-trouve-ses-reperes-au-debut-de-la-saison-internationale-de-curling-en-fauteuil-roulant","status":"publish","type":"post","link":"https:\/\/www.curling.ca\/fr\/blog\/2025\/11\/04\/equipe-canada-trouve-ses-reperes-au-debut-de-la-saison-internationale-de-curling-en-fauteuil-roulant\/","title":{"rendered":"\u00c9quipe Canada trouve ses rep\u00e8res au d\u00e9but de la saison internationale de curling en fauteuil roulant"},"content":{"rendered":"\t\t<div data-elementor-type=\"wp-post\" data-elementor-id=\"617276\" class=\"elementor elementor-617276 elementor-617236\" data-elementor-post-type=\"post\">\n\t\t\t\t\t\t<section class=\"elementor-section elementor-top-section elementor-element elementor-element-6d25d3a elementor-section-boxed elementor-section-height-default elementor-section-height-default sc_fly_static\" data-id=\"6d25d3a\" data-element_type=\"section\" data-e-type=\"section\">\n\t\t\t\t\t\t<div class=\"elementor-container elementor-column-gap-extended\">\n\t\t\t\t\t<div class=\"elementor-column elementor-col-100 elementor-top-column elementor-element elementor-element-ff37c8c sc_content_align_inherit sc_layouts_column_icons_position_left sc_fly_static\" data-id=\"ff37c8c\" data-element_type=\"column\" data-e-type=\"column\">\n\t\t\t<div class=\"elementor-widget-wrap elementor-element-populated\">\n\t\t\t\t\t\t<div class=\"elementor-element elementor-element-c09b50c sc_fly_static elementor-widget elementor-widget-trx_sc_title\" data-id=\"c09b50c\" data-element_type=\"widget\" data-e-type=\"widget\" data-widget_type=\"trx_sc_title.default\">\n\t\t\t\t<div class=\"elementor-widget-container\">\n\t\t\t\t\t<div\t\tclass=\"sc_title sc_title_default\" ><span class=\"sc_item_subtitle sc_title_subtitle sc_item_subtitle_above sc_item_title_style_default sc_item_subtitle_with_custom_color trx_addons_inline_1948276126\">Partagez :<\/span><\/div>\t\t\t\t<\/div>\n\t\t\t\t<\/div>\n\t\t\t\t<div class=\"elementor-element elementor-element-911ef94 sc_fly_static elementor-widget elementor-widget-trx_sc_socials\" data-id=\"911ef94\" data-element_type=\"widget\" data-e-type=\"widget\" data-widget_type=\"trx_sc_socials.default\">\n\t\t\t\t<div class=\"elementor-widget-container\">\n\t\t\t\t\t<div  \n\t\tclass=\"sc_socials sc_socials_default sc_align_none\" ><div class=\"share_wrap sc_item_content\"><div class=\"socials_share socials_size_tiny socials_type_block socials_dir_horizontal socials_wrap\"><span class=\"social_items\"><a class=\"social_item social_item_popup\" href=\"\/\/twitter.com\/intent\/tweet?text=%C3%89quipe+Canada+trouve+ses+rep%C3%A8res+au+d%C3%A9but+de+la+saison+internationale+de+curling+en+fauteuil+roulant&#038;url=https%3A%2F%2Fwww.curling.ca%2Ffr%2Fblog%2F2025%2F11%2F04%2Fequipe-canada-trouve-ses-reperes-au-debut-de-la-saison-internationale-de-curling-en-fauteuil-roulant%2F\" data-link=\"\/\/twitter.com\/intent\/tweet?text=\u00c9quipe Canada trouve ses rep\u00e8res au d\u00e9but de la saison internationale de curling en fauteuil roulant&amp;url=https%3A%2F%2Fwww.curling.ca%2Ffr%2Fblog%2F2025%2F11%2F04%2Fequipe-canada-trouve-ses-reperes-au-debut-de-la-saison-internationale-de-curling-en-fauteuil-roulant%2F\" data-count=\"twitter-x\"><span class=\"social_icon social_icon_twitter-x sc_icon_type_icons\" style=\"\"><span class=\"screen-reader-text\">Twitter<\/span><span class=\"trx_addons_icon-twitter-x\"><\/span><\/span><\/a><a class=\"social_item social_item_popup\" href=\"\/\/www.facebook.com\/sharer\/sharer.php?u=https%3A%2F%2Fwww.curling.ca%2Ffr%2Fblog%2F2025%2F11%2F04%2Fequipe-canada-trouve-ses-reperes-au-debut-de-la-saison-internationale-de-curling-en-fauteuil-roulant%2F\" data-link=\"\/\/www.facebook.com\/sharer\/sharer.php?u=https%3A%2F%2Fwww.curling.ca%2Ffr%2Fblog%2F2025%2F11%2F04%2Fequipe-canada-trouve-ses-reperes-au-debut-de-la-saison-internationale-de-curling-en-fauteuil-roulant%2F\" data-count=\"facebook-1\"><span class=\"social_icon social_icon_facebook-1 sc_icon_type_icons\" style=\"\"><span class=\"screen-reader-text\">Facebook<\/span><span class=\"icon-facebook-1\"><\/span><\/span><\/a><a class=\"social_item\" href=\"mailto:test@fwe.com?subject=\u00c9quipe%20Canada%20trouve%20ses%20rep\u00e8res%20au%20d\u00e9but%20de%20la%20saison%20internationale%20de%20curling%20en%20fauteuil%20roulant&#038;body=https%3A%2F%2Fwww.curling.ca%2Ffr%2Fblog%2F2025%2F11%2F04%2Fequipe-canada-trouve-ses-reperes-au-debut-de-la-saison-internationale-de-curling-en-fauteuil-roulant%2F\" target=\"_blank\" data-count=\"share-email\"><span class=\"social_icon social_icon_share-email sc_icon_type_icons\" style=\"\"><span class=\"screen-reader-text\">Share-email<\/span><span class=\"icon-share-email\"><\/span><\/span><\/a><a class=\"social_item\" title=\"Copy URL to clipboard\" data-message=\"Copied!\" data-copy-link-url=\"https:\/\/www.curling.ca\/fr\/blog\/2025\/11\/04\/equipe-canada-trouve-ses-reperes-au-debut-de-la-saison-internationale-de-curling-en-fauteuil-roulant\/\" nopopup=\"true\" href=\"#\" role=\"button\" target=\"_blank\" data-count=\"link\"><span class=\"social_icon social_icon_link sc_icon_type_icons\" style=\"\"><span class=\"screen-reader-text\">Copy URL to clipboard<\/span><span class=\"icon-link\"><\/span><\/span><\/a><\/span><\/div><\/div><\/div>\t\t\t\t<\/div>\n\t\t\t\t<\/div>\n\t\t\t\t<div class=\"elementor-element elementor-element-17c7ef3 sc_fly_static elementor-widget elementor-widget-spacer\" data-id=\"17c7ef3\" data-element_type=\"widget\" data-e-type=\"widget\" data-widget_type=\"spacer.default\">\n\t\t\t\t<div class=\"elementor-widget-container\">\n\t\t\t\t\t\t\t<div class=\"elementor-spacer\">\n\t\t\t<div class=\"elementor-spacer-inner\"><\/div>\n\t\t<\/div>\n\t\t\t\t\t\t<\/div>\n\t\t\t\t<\/div>\n\t\t\t\t\t<\/div>\n\t\t<\/div>\n\t\t\t\t\t<\/div>\n\t\t<\/section>\n\t\t\t\t<section class=\"elementor-section elementor-top-section elementor-element elementor-element-960ab7a elementor-section-boxed elementor-section-height-default elementor-section-height-default sc_fly_static\" data-id=\"960ab7a\" data-element_type=\"section\" data-e-type=\"section\">\n\t\t\t\t\t\t<div class=\"elementor-container elementor-column-gap-extended\">\n\t\t\t\t\t<div class=\"elementor-column elementor-col-100 elementor-top-column elementor-element elementor-element-871ba72 sc_content_align_inherit sc_layouts_column_icons_position_left sc_fly_static\" data-id=\"871ba72\" data-element_type=\"column\" data-e-type=\"column\">\n\t\t\t<div class=\"elementor-widget-wrap elementor-element-populated\">\n\t\t\t\t\t\t<div class=\"elementor-element elementor-element-283d4fd sc_fly_static elementor-widget elementor-widget-text-editor\" data-id=\"283d4fd\" data-element_type=\"widget\" data-e-type=\"widget\" data-widget_type=\"text-editor.default\">\n\t\t\t\t<div class=\"elementor-widget-container\">\n\t\t\t\t\t\t\t\t\t<p>La saison bat son plein pour le programme national de curling en fauteuil roulant du Canada, les athl\u00e8tes canadiens ayant particip\u00e9 \u00e0 deux comp\u00e9titions internationales cons\u00e9cutives en octobre.<\/p><p>\u00c9quipe Canada, repr\u00e9sent\u00e9e par le capitaine Mark Ideson (London, Ont.), le troisi\u00e8me Jon Thurston (Dunsford, Ont.), la deuxi\u00e8me Ina Forrest (Spallumcheen, C.-B.), la premi\u00e8re Collinda Joseph (Ottawa) et le rempla\u00e7ant Gilbert Dash (Kipling, Sask.), a particip\u00e9 au Tournoi international de curling en fauteuil roulant de Wetzikon, en Suisse, du 16 au 19 octobre, puis \u00e0 l\u2019Invitation de curling en fauteuil roulant de Stirling, en \u00c9cosse, du 21 au 24 octobre.<\/p><p>\u00ab C\u2019\u00e9tait fort utile d\u2019avoir une nouvelle occasion d\u2019affronter des \u00e9quipes internationales si t\u00f4t dans la saison \u00bb, a d\u00e9clar\u00e9 Thurston. \u00ab Nous avions certainement besoin de retrouver nos marques au d\u00e9but, mais \u00e0 la fin de notre semaine \u00e0 Stirling, nous avions vraiment trouv\u00e9 notre rythme. \u00bb<\/p><p>\u00c9quipe Canada \u00e9tait l\u2019une des 20 formations en comp\u00e9tition en Suisse, un nombre parmi les plus \u00e9lev\u00e9s de l\u2019histoire du tournoi, et a termin\u00e9 en neuvi\u00e8me place. Cependant, ce classement ne refl\u00e9tait pas pleinement sa performance. Lors de son dernier match, elle a affront\u00e9 une \u00e9quipe suisse avec la chance de terminer cinqui\u00e8me, mais une d\u00e9faite en manche suppl\u00e9mentaire l\u2019a fait reculer au classement.<\/p><p>Le tournoi \u00e9cossais regroupait moins d\u2019\u00e9quipes et offrait aux Canadiens l&rsquo;occasion de se reprendre apr\u00e8s leur premi\u00e8re comp\u00e9tition \u00e0 l&rsquo;\u00e9tranger de la saison. Ils ont m\u00e9rit\u00e9 la m\u00e9daille d&rsquo;argent suite \u00e0 un revers qui s\u2019est d\u00e9cid\u00e9 sur la derni\u00e8re pierre face \u00e0 la Chine, championne du monde en titre.<\/p><figure id=\"attachment_617265\" aria-describedby=\"caption-attachment-617265\" style=\"width: 451px\" class=\"wp-caption alignright\"><img fetchpriority=\"high\" decoding=\"async\" class=\"wp-image-617265\" src=\"https:\/\/www.curling.ca\/wp-content\/uploads\/2025\/11\/Int.-Turnier-Wetzikon_2025-76-1-scaled-e1762184898639.jpg\" alt=\"\" width=\"451\" height=\"283\" srcset=\"https:\/\/www.curling.ca\/wp-content\/uploads\/2025\/11\/Int.-Turnier-Wetzikon_2025-76-1-scaled-e1762184898639.jpg 2040w, https:\/\/www.curling.ca\/wp-content\/uploads\/2025\/11\/Int.-Turnier-Wetzikon_2025-76-1-scaled-e1762184898639-300x188.jpg 300w, https:\/\/www.curling.ca\/wp-content\/uploads\/2025\/11\/Int.-Turnier-Wetzikon_2025-76-1-scaled-e1762184898639-1024x643.jpg 1024w, https:\/\/www.curling.ca\/wp-content\/uploads\/2025\/11\/Int.-Turnier-Wetzikon_2025-76-1-scaled-e1762184898639-768x482.jpg 768w, https:\/\/www.curling.ca\/wp-content\/uploads\/2025\/11\/Int.-Turnier-Wetzikon_2025-76-1-scaled-e1762184898639-1536x964.jpg 1536w, https:\/\/www.curling.ca\/wp-content\/uploads\/2025\/11\/Int.-Turnier-Wetzikon_2025-76-1-scaled-e1762184898639-370x232.jpg 370w, https:\/\/www.curling.ca\/wp-content\/uploads\/2025\/11\/Int.-Turnier-Wetzikon_2025-76-1-scaled-e1762184898639-840x527.jpg 840w, https:\/\/www.curling.ca\/wp-content\/uploads\/2025\/11\/Int.-Turnier-Wetzikon_2025-76-1-scaled-e1762184898639-410x257.jpg 410w\" sizes=\"(max-width: 600px) 100vw, 451px\" \/><figcaption id=\"caption-attachment-617265\" class=\"wp-caption-text\">La comp\u00e9tition internationale pr\u00e9c\u00e9dant les Jeux paralympiques d&rsquo;hiver de Milan-Cortina 2026 est essentielle pour permettre \u00e0 l&rsquo;\u00e9quipe de retrouver ses automatismes. (Photo, Rubi Businessfotografie \/ Nicole Rubitschon)<\/figcaption><\/figure><p>\u00ab D&rsquo;habitude, on ne rencontre la Chine qu&rsquo;une fois par an \u00bb, a d\u00e9clar\u00e9 Thurston. \u00ab Nous avons jou\u00e9 un super match contre eux. C&rsquo;est toujours un adversaire redoutable, et la rencontre s&rsquo;est jou\u00e9e sur la derni\u00e8re pierre. Malheureusement, cette fois-ci, ils ont eu le dessus.<\/p><p>\u00ab Lors de ces deux tournois, je crois que huit de nos neuf adversaires se rendront en Italie en mars. \u00bb<\/p><p>La comp\u00e9tition internationale pr\u00e9c\u00e9dant les Jeux paralympiques d&rsquo;hiver de Milan-Cortina 2026 est essentielle pour permettre \u00e0 l&rsquo;\u00e9quipe de retrouver ses automatismes. Le nouvel alignement, qui compte le retour d&rsquo;Ideson et de Forrest au sein de l&rsquo;\u00e9quipe mixte \u00e0 quatre apr\u00e8s une saison d&rsquo;entra\u00eenement en double mixte, sera plus performant que jamais gr\u00e2ce \u00e0 un calendrier aussi charg\u00e9.<\/p><p>\u00ab Ces tournois ont \u00e9t\u00e9 une excellente occasion de disputer des comp\u00e9titions internationales en d\u00e9but de saison afin d&rsquo;atteindre notre forme optimale \u00bb, a d\u00e9clar\u00e9 Mick Lizmore, entra\u00eeneur-chef de l&rsquo;\u00e9quipe nationale de curling en fauteuil roulant. \u00ab L&rsquo;objectif principal \u00e0 ce stade de la p\u00e9riode quadriennale est de prendre notre \u00e9lan et d&rsquo;affiner notre strat\u00e9gie. \u00bb<\/p><p>Forte d&rsquo;une confiance accrue apr\u00e8s une belle performance en \u00c9cosse, \u00c9quipe Canada se tourne maintenant vers le Tournoi international de curling en fauteuil roulant qui se tiendra \u00e0 Prague, en R\u00e9publique tch\u00e8que, du 21 au 23 novembre.<\/p>\t\t\t\t\t\t\t\t<\/div>\n\t\t\t\t<\/div>\n\t\t\t\t\t<\/div>\n\t\t<\/div>\n\t\t\t\t\t<\/div>\n\t\t<\/section>\n\t\t\t\t<section class=\"elementor-section elementor-top-section elementor-element elementor-element-42127ed elementor-section-boxed elementor-section-height-default elementor-section-height-default sc_fly_static\" data-id=\"42127ed\" data-element_type=\"section\" data-e-type=\"section\">\n\t\t\t\t\t\t<div class=\"elementor-container elementor-column-gap-extended\">\n\t\t\t\t\t<div class=\"elementor-column elementor-col-100 elementor-top-column elementor-element elementor-element-024a18e sc_content_align_inherit sc_layouts_column_icons_position_left sc_fly_static\" data-id=\"024a18e\" data-element_type=\"column\" data-e-type=\"column\">\n\t\t\t<div class=\"elementor-widget-wrap elementor-element-populated\">\n\t\t\t\t\t\t<div class=\"elementor-element elementor-element-aefa860 sc_fly_static elementor-widget elementor-widget-spacer\" data-id=\"aefa860\" data-element_type=\"widget\" data-e-type=\"widget\" data-widget_type=\"spacer.default\">\n\t\t\t\t<div class=\"elementor-widget-container\">\n\t\t\t\t\t\t\t<div class=\"elementor-spacer\">\n\t\t\t<div class=\"elementor-spacer-inner\"><\/div>\n\t\t<\/div>\n\t\t\t\t\t\t<\/div>\n\t\t\t\t<\/div>\n\t\t\t\t\t<\/div>\n\t\t<\/div>\n\t\t\t\t\t<\/div>\n\t\t<\/section>\n\t\t\t\t<section class=\"elementor-section elementor-top-section elementor-element elementor-element-86c7326 elementor-section-boxed elementor-section-height-default elementor-section-height-default sc_fly_static\" data-id=\"86c7326\" data-element_type=\"section\" data-e-type=\"section\">\n\t\t\t\t\t\t<div class=\"elementor-container elementor-column-gap-extended\">\n\t\t\t\t\t<div class=\"elementor-column elementor-col-100 elementor-top-column elementor-element elementor-element-bb6d9e2 sc_content_align_inherit sc_layouts_column_icons_position_left sc_fly_static\" data-id=\"bb6d9e2\" data-element_type=\"column\" data-e-type=\"column\">\n\t\t\t<div class=\"elementor-widget-wrap elementor-element-populated\">\n\t\t\t\t\t\t<div class=\"elementor-element elementor-element-a420326 sc_fly_static elementor-widget elementor-widget-trx_sc_title\" data-id=\"a420326\" data-element_type=\"widget\" data-e-type=\"widget\" data-widget_type=\"trx_sc_title.default\">\n\t\t\t\t<div class=\"elementor-widget-container\">\n\t\t\t\t\t<div\t\tclass=\"sc_title sc_title_default\" ><span class=\"sc_item_subtitle sc_title_subtitle sc_item_subtitle_above sc_item_title_style_default sc_item_subtitle_with_custom_color trx_addons_inline_350408973\">Suivez-nous :<\/span><\/div>\t\t\t\t<\/div>\n\t\t\t\t<\/div>\n\t\t\t\t\t<\/div>\n\t\t<\/div>\n\t\t\t\t\t<\/div>\n\t\t<\/section>\n\t\t\t\t<section class=\"elementor-section elementor-top-section elementor-element elementor-element-9eafbbc elementor-section-boxed elementor-section-height-default elementor-section-height-default sc_fly_static\" data-id=\"9eafbbc\" data-element_type=\"section\" data-e-type=\"section\">\n\t\t\t\t\t\t<div class=\"elementor-container elementor-column-gap-extended\">\n\t\t\t\t\t<div class=\"elementor-column elementor-col-100 elementor-top-column elementor-element elementor-element-b221f19 sc_content_align_inherit sc_layouts_column_icons_position_left sc_fly_static\" data-id=\"b221f19\" data-element_type=\"column\" data-e-type=\"column\">\n\t\t\t<div class=\"elementor-widget-wrap elementor-element-populated\">\n\t\t\t\t\t\t<div class=\"elementor-element elementor-element-a4f5120 sc_fly_static elementor-widget elementor-widget-trx_sc_socials\" data-id=\"a4f5120\" data-element_type=\"widget\" data-e-type=\"widget\" data-widget_type=\"trx_sc_socials.default\">\n\t\t\t\t<div class=\"elementor-widget-container\">\n\t\t\t\t\t<div  \n\t\tclass=\"sc_socials sc_socials_default sc_align_none\" ><div class=\"socials_wrap sc_item_content\"><a target=\"_blank\" rel=\"nofollow\" href=\"https:\/\/www.facebook.com\/curlingcanada\" class=\"social_item social_item_style_icons sc_icon_type_icons social_item_type_icons\"><span class=\"social_icon social_icon_facebook-1\" style=\"\"><span class=\"screen-reader-text\">facebook-1<\/span><span class=\"icon-facebook-1\"><\/span><\/span><\/a><a target=\"_blank\" rel=\"nofollow\" href=\"https:\/\/x.com\/curlingcanada\" class=\"social_item social_item_style_icons sc_icon_type_icons social_item_type_icons\"><span class=\"social_icon social_icon_twitter-x\" style=\"\"><span class=\"screen-reader-text\">twitter-x<\/span><span class=\"trx_addons_icon-twitter-x\"><\/span><\/span><\/a><a target=\"_blank\" rel=\"nofollow\" href=\"https:\/\/www.instagram.com\/curlingcanada\" class=\"social_item social_item_style_icons sc_icon_type_icons social_item_type_icons\"><span class=\"social_icon social_icon_instagram\" style=\"\"><span class=\"screen-reader-text\">instagram<\/span><span class=\"icon-instagram\"><\/span><\/span><\/a><a target=\"_blank\" rel=\"nofollow\" href=\"https:\/\/www.youtube.com\/curlingcanada\" class=\"social_item social_item_style_icons sc_icon_type_icons social_item_type_icons\"><span class=\"social_icon social_icon_youtube\" style=\"\"><span class=\"screen-reader-text\">youtube<\/span><span class=\"icon-youtube\"><\/span><\/span><\/a><a target=\"_blank\" rel=\"nofollow\" href=\"https:\/\/www.linkedin.com\/company\/curlingcanada\/\" class=\"social_item social_item_style_icons sc_icon_type_icons social_item_type_icons\"><span class=\"social_icon social_icon_linkedin\" style=\"\"><span class=\"screen-reader-text\">linkedin<\/span><span class=\"icon-linkedin\"><\/span><\/span><\/a><a target=\"_blank\" rel=\"nofollow\" href=\"https:\/\/www.tiktok.com\/@curlingcanada\" class=\"social_item social_item_style_icons sc_icon_type_icons social_item_type_icons\"><span class=\"social_icon social_icon_tik-tok\" style=\"\"><span class=\"screen-reader-text\">tik-tok<\/span><span class=\"trx_addons_icon-tik-tok\"><\/span><\/span><\/a><\/div><\/div>\t\t\t\t<\/div>\n\t\t\t\t<\/div>\n\t\t\t\t<div class=\"elementor-element elementor-element-67be5f6 sc_fly_static elementor-widget elementor-widget-spacer\" data-id=\"67be5f6\" data-element_type=\"widget\" data-e-type=\"widget\" data-widget_type=\"spacer.default\">\n\t\t\t\t<div class=\"elementor-widget-container\">\n\t\t\t\t\t\t\t<div class=\"elementor-spacer\">\n\t\t\t<div class=\"elementor-spacer-inner\"><\/div>\n\t\t<\/div>\n\t\t\t\t\t\t<\/div>\n\t\t\t\t<\/div>\n\t\t\t\t\t<\/div>\n\t\t<\/div>\n\t\t\t\t\t<\/div>\n\t\t<\/section>\n\t\t\t\t<section class=\"elementor-section elementor-top-section elementor-element elementor-element-007e646 elementor-section-boxed elementor-section-height-default elementor-section-height-default sc_fly_static\" data-id=\"007e646\" data-element_type=\"section\" data-e-type=\"section\">\n\t\t\t\t\t\t<div class=\"elementor-container elementor-column-gap-extended\">\n\t\t\t\t\t<div class=\"elementor-column elementor-col-100 elementor-top-column elementor-element elementor-element-8311dff sc_content_align_inherit sc_layouts_column_icons_position_left sc_fly_static\" data-id=\"8311dff\" data-element_type=\"column\" data-e-type=\"column\">\n\t\t\t<div class=\"elementor-widget-wrap elementor-element-populated\">\n\t\t\t\t\t\t<div class=\"elementor-element elementor-element-86dd81d sc_fly_static elementor-widget elementor-widget-trx_sc_title\" data-id=\"86dd81d\" data-element_type=\"widget\" data-e-type=\"widget\" data-widget_type=\"trx_sc_title.default\">\n\t\t\t\t<div class=\"elementor-widget-container\">\n\t\t\t\t\t<div\t\tclass=\"sc_title sc_title_default\" ><span class=\"sc_item_subtitle sc_title_subtitle sc_item_subtitle_above sc_item_title_style_default sc_item_subtitle_with_custom_color trx_addons_inline_1613941335\">nouvelles r\u00e9centes :<\/span><\/div>\t\t\t\t<\/div>\n\t\t\t\t<\/div>\n\t\t\t\t<div class=\"elementor-element elementor-element-2a44240 sc_fly_static elementor-widget elementor-widget-shortcode\" data-id=\"2a44240\" data-element_type=\"widget\" data-e-type=\"widget\" data-widget_type=\"shortcode.default\">\n\t\t\t\t<div class=\"elementor-widget-container\">\n\t\t\t\t\t\t\t<div class=\"elementor-shortcode\"><style type='text\/css' media='all'>#rt-tpg-container-589763840 .rt-holder .rt-woo-info .price{color:#ed1940;}body .rt-tpg-container .rt-tpg-isotope-buttons .selected,\n\t\t\t\t\t#rt-tpg-container-589763840 .layout12 .rt-holder:hover .rt-detail,\n\t\t\t\t\t#rt-tpg-container-589763840 .isotope8 .rt-holder:hover .rt-detail,\n\t\t\t\t\t#rt-tpg-container-589763840 .carousel8 .rt-holder:hover .rt-detail,\n\t\t\t\t\t#rt-tpg-container-589763840 .layout13 .rt-holder .overlay .post-info,\n\t\t\t\t\t#rt-tpg-container-589763840 .isotope9 .rt-holder .overlay .post-info,\n\t\t\t\t\t#rt-tpg-container-589763840.rt-tpg-container .layout4 .rt-holder .rt-detail,\n\t\t\t\t\t.rt-modal-589763840 .md-content,\n\t\t\t\t\t.rt-modal-589763840 .md-content > .rt-md-content-holder .rt-md-content,\n\t\t\t\t\t.rt-popup-wrap-589763840.rt-popup-wrap .rt-popup-navigation-wrap,\n\t\t\t\t\t#rt-tpg-container-589763840 .carousel9 .rt-holder .overlay .post-info{background-color:#ed1940;}#rt-tpg-container-589763840 .layout5 .rt-holder .overlay, #rt-tpg-container-589763840 .isotope2 .rt-holder .overlay, #rt-tpg-container-589763840 .carousel2 .rt-holder .overlay,#rt-tpg-container-589763840 .layout15 .rt-holder h3, #rt-tpg-container-589763840 .isotope11 .rt-holder h3, #rt-tpg-container-589763840 .carousel11 .rt-holder h3, #rt-tpg-container-589763840 .layout16 .rt-holder h3,\n\t\t\t\t\t#rt-tpg-container-589763840 .isotope12 .rt-holder h3, #rt-tpg-container-589763840 .carousel12 .rt-holder h3 {background-color:rgba(237,25,64,0.1);}#rt-tpg-container-589763840 .pagination-list li a,\n\t\t\t\t\trt-tpg-container-589763840 .pagination-list li span,\n\t\t\t\t\trt-tpg-container-589763840 .pagination li a,\n\t\t\t\t\t#rt-tpg-container-589763840 .rt-tpg-isotope-buttons button,\n\t\t\t\t\t#rt-tpg-container-589763840 .rt-tpg-utility .rt-tpg-load-more button,\n\t\t\t\t\t#rt-tpg-container-589763840.rt-tpg-container .swiper-navigation .slider-btn,\n\t\t\t\t\t#rt-tpg-container-589763840.rt-tpg-container .swiper-pagination-bullet,\n\t\t\t\t\t#rt-tpg-container-589763840 .wc1 .rt-holder .rt-img-holder .overlay .product-more ul li a,\n\t\t\t\t\t#rt-tpg-container-589763840 .wc2 .rt-detail .rt-wc-add-to-cart,\n\t\t\t\t\t#rt-tpg-container-589763840 .wc3 .rt-detail .rt-wc-add-to-cart,\n\t\t\t\t\t#rt-tpg-container-589763840 .wc4 .rt-detail .rt-wc-add-to-cart,\n\t\t\t\t\t#rt-tpg-container-589763840 .wc-carousel2 .rt-detail .rt-wc-add-to-cart,\n\t\t\t\t\t#rt-tpg-container-589763840 .wc-isotope2 .rt-detail .rt-wc-add-to-cart,\n\t\t\t\t\t#rt-tpg-container-589763840 .rt-layout-filter-container .rt-filter-wrap .rt-filter-item-wrap.rt-filter-dropdown-wrap .rt-filter-dropdown,\n\t\t\t\t\t#rt-tpg-container-589763840 .rt-layout-filter-container .rt-filter-sub-tax.sub-button-group .rt-filter-button-item,\n\t\t\t\t\t#rt-tpg-container-589763840.rt-tpg-container .rt-pagination-wrap .rt-page-numbers .paginationjs .paginationjs-pages ul li>a,\n\t\t\t\t\t#rt-tpg-container-589763840 .rt-filter-item-wrap.rt-filter-button-wrap span.rt-filter-button-item,\n\t\t\t\t\t#rt-tpg-container-589763840.rt-tpg-container .rt-pagination-wrap  .rt-loadmore-btn,\n\t\t\t\t\t#rt-tpg-container-589763840.rt-tpg-container .rt-pagination-wrap .rt-cb-page-prev-next > *,\n\t\t\t\t\t#rt-tpg-container-589763840 .rt-read-more,\n\t\t\t\t\t#rt-tooltip-589763840, #rt-tooltip-589763840 .rt-tooltip-bottom:after{background-color:#ed1940;}#rt-tpg-container-589763840 .rt-filter-item-wrap.rt-filter-button-wrap span.rt-filter-button-item,\n\t\t\t\t\t#rt-tpg-container-589763840 .rt-layout-filter-container .rt-filter-sub-tax.sub-button-group .rt-filter-button-item{border-color:#ed1940;}#rt-tpg-container-589763840.rt-tpg-container .layout17 .rt-holder .overlay a.tpg-zoom .fa{color:#ed1940;}#rt-tpg-container-589763840 .rt-holder .read-more a {background-color:#ed1940;padding: 8px 15px;}#rt-tpg-container-589763840 .pagination-list li a:hover,\n\t\t\t\t\t#rt-tpg-container-589763840 .pagination li a:hover,\n\t\t\t\t\t#rt-tpg-container-589763840 .rt-tpg-isotope-buttons button:hover,\n\t\t\t\t\t#rt-tpg-container-589763840 .rt-holder .read-more a:hover,\n\t\t\t\t\t#rt-tpg-container-589763840 .rt-tpg-utility .rt-tpg-load-more button:hover,\n\t\t\t\t\t#rt-tpg-container-589763840.rt-tpg-container .swiper-pagination-bullet:hover,\n\t\t\t\t\t#rt-tpg-container-589763840.rt-tpg-container .swiper-navigation .slider-btn:hover,\n\t\t\t\t\t#rt-tpg-container-589763840 .wc1 .rt-holder .rt-img-holder .overlay .product-more ul li a:hover,\n\t\t\t\t\t#rt-tpg-container-589763840 .wc2 .rt-detail .rt-wc-add-to-cart:hover,\n\t\t\t\t\t#rt-tpg-container-589763840 .wc3 .rt-detail .rt-wc-add-to-cart:hover,\n\t\t\t\t\t#rt-tpg-container-589763840 .wc4 .rt-detail .rt-wc-add-to-cart:hover,\n\t\t\t\t\t#rt-tpg-container-589763840 .wc-carousel2 .rt-detail .rt-wc-add-to-cart:hover,\n\t\t\t\t\t#rt-tpg-container-589763840 .wc-isotope2 .rt-detail .rt-wc-add-to-cart:hover,\n\t\t\t\t\t#rt-tpg-container-589763840 .rt-layout-filter-container .rt-filter-wrap .rt-filter-item-wrap.rt-filter-dropdown-wrap .rt-filter-dropdown .rt-filter-dropdown-item:hover,\n\t\t\t\t\t#rt-tpg-container-589763840 .rt-layout-filter-container .rt-filter-wrap .rt-filter-item-wrap.rt-filter-dropdown-wrap .rt-filter-dropdown .rt-filter-dropdown-item.selected,\n\t\t\t\t\t#rt-tpg-container-589763840 .rt-filter-item-wrap.rt-filter-button-wrap span.rt-filter-button-item:hover,\n\t\t\t\t\t#rt-tpg-container-589763840 .rt-layout-filter-container .rt-filter-sub-tax.sub-button-group .rt-filter-button-item:hover,\n\t\t\t\t\t#rt-tpg-container-589763840.rt-tpg-container .rt-pagination-wrap .rt-page-numbers .paginationjs .paginationjs-pages ul li>a:hover,\n\t\t\t\t\t#rt-tpg-container-589763840.rt-tpg-container .rt-pagination-wrap .rt-cb-page-prev-next > *:hover,\n\t\t\t\t\t#rt-tpg-container-589763840.rt-tpg-container .rt-pagination-wrap  .rt-loadmore-btn:hover,\n\t\t\t\t\t#rt-tpg-container-589763840 .rt-read-more:hover,\n\t\t\t\t\t#rt-tpg-container-589763840 .rt-tpg-utility .rt-tpg-load-more button:hover{background-color:#405566;}#rt-tpg-container-589763840 .rt-filter-item-wrap.rt-filter-button-wrap span.rt-filter-button-item:hover,\n\t\t\t\t\t\t#rt-tpg-container-589763840 .rt-layout-filter-container .rt-filter-sub-tax.sub-button-group .rt-filter-button-item:hover,\n\t\t\t\t\t\t#rt-tpg-container-589763840.rt-tpg-container .swiper-navigation .slider-btn:hover,\n\t\t\t\t\t\t#rt-tpg-container-589763840.rt-tpg-container .rt-pagination-wrap .rt-page-numbers .paginationjs .paginationjs-pages ul li>a:hover{border-color:#405566;}#rt-tpg-container-589763840.rt-tpg-container .layout17 .rt-holder .overlay a.tpg-zoom:hover .fa{color:#405566;}#rt-tpg-container-589763840 .pagination-list li a,\n\t\t\t\t\t#rt-tpg-container-589763840 .pagination li a,\n\t\t\t\t\t#rt-tpg-container-589763840 .rt-tpg-isotope-buttons button,\n\t\t\t\t\t#rt-tpg-container-589763840 .rt-holder .read-more a,\n\t\t\t\t\t#rt-tpg-container-589763840 .rt-tpg-utility .rt-tpg-load-more button,\n\t\t\t\t\t#rt-tpg-container-589763840.rt-tpg-container .swiper-navigation .slider-btn,\n\t\t\t\t\t#rt-tpg-container-589763840 .wc1 .rt-holder .rt-img-holder .overlay .product-more ul li a,\n\t\t\t\t\t#rt-tpg-container-589763840 .edd1 .rt-holder .rt-img-holder .overlay .product-more ul li a,\n\t\t\t\t\t#rt-tpg-container-589763840 .wc2 .rt-detail .rt-wc-add-to-cart,\n\t\t\t\t\t#rt-tpg-container-589763840 .wc3 .rt-detail .rt-wc-add-to-cart,\n\t\t\t\t\t#rt-tpg-container-589763840 .edd2 .rt-detail .rt-wc-add-to-cart,\n\t\t\t\t\t#rt-tpg-container-589763840 .wc4 .rt-detail .rt-wc-add-to-cart,\n\t\t\t\t\t#rt-tpg-container-589763840 .edd3 .rt-detail .rt-wc-add-to-cart,\n\t\t\t\t\t#rt-tpg-container-589763840 .wc-carousel2 .rt-detail .rt-wc-add-to-cart,\n\t\t\t\t\t#rt-tpg-container-589763840 .wc-isotope2 .rt-detail .rt-wc-add-to-cart,\n\t\t\t\t\t#rt-tpg-container-589763840 .rt-tpg-utility .rt-tpg-load-more button,\n\t\t\t\t\t#rt-tooltip-589763840,\n\t\t\t\t\t#rt-tpg-container-589763840 .rt-filter-item-wrap.rt-filter-button-wrap span.rt-filter-button-item,\n\t\t\t\t\t#rt-tpg-container-589763840 .rt-layout-filter-container .rt-filter-sub-tax.sub-button-group .rt-filter-button-item,\n\t\t\t\t\t#rt-tpg-container-589763840 .rt-layout-filter-container .rt-filter-wrap .rt-filter-item-wrap.rt-sort-order-action,\n\t\t\t\t\t#rt-tpg-container-589763840 .rt-layout-filter-container .rt-filter-wrap .rt-filter-item-wrap.rt-filter-dropdown-wrap .rt-filter-dropdown .rt-filter-dropdown-item,\n\t\t\t\t\t#rt-tpg-container-589763840.rt-tpg-container .rt-pagination-wrap .rt-page-numbers .paginationjs .paginationjs-pages ul li>a,\n\t\t\t\t\t#rt-tpg-container-589763840.rt-tpg-container .rt-pagination-wrap .rt-cb-page-prev-next > *,\n\t\t\t\t\t#rt-tpg-container-589763840.rt-tpg-container .rt-pagination-wrap  .rt-loadmore-btn,\n\t\t\t\t\t#rt-tpg-container-589763840 .rt-read-more,\n\t\t\t\t\t#rt-tooltip-589763840 .rt-tooltip-bottom:after{color:#ffffff;}#rt-tpg-container-589763840 .rt-post-overlay .post-img > a:first-of-type::after,#rt-tpg-container-589763840 .rt-holder .overlay:hover{background-image: none;background-color:rgba(237,49,84,0.1);}#rt-tpg-container-589763840 .read-more a{border-radius:px;}#rt-tpg-container-589763840 .rt-img-holder img.rt-img-responsive,#rt-tpg-container-589763840 .rt-img-holder,\n\t\t\t\t\t#rt-tpg-container-589763840 .rt-post-overlay .post-img,\n\t\t\t\t\t#rt-tpg-container-589763840 .post-sm .post-img,\n\t\t\t\t\t#rt-tpg-container-589763840 .rt-post-grid .post-img,\n\t\t\t\t\t#rt-tpg-container-589763840 .post-img img {border-radius:2px;}<\/style><div class='rt-container-fluid rt-tpg-container tpg-shortcode-main-wrapper ' id='rt-tpg-container-589763840'   data-layout='layout1' data-grid-style='even' data-desktop-col='3'  data-tab-col='2'  data-mobile-col='1' data-sc-id='613332'><div data-title='Loading ...' class='rt-row rt-content-loader   layout1 tpg-even '><div class=\"rt-col-md-4 rt-col-sm-6 rt-col-xs-12 even-grid-item rt-grid-item\" data-id=\"633060\"><div class=\"rt-holder\"><div class=\"rt-img-holder\"><a data-id=\"633060\" class=\"\" href=\"https:\/\/www.curling.ca\/fr\/blog\/2026\/09\/01\/curling-canada-octroie-20-bourses-detudes-a-de-jeunes-curleurs-canadiens\/\"><img decoding=\"async\" width=\"410\" height=\"230\" src=\"https:\/\/www.curling.ca\/wp-content\/uploads\/2026\/08\/Scholarship-Press-Release-fr-2-410x230.jpg\" class=\"rt-img-responsive \" alt=\"\" \/><\/a><\/div><div class=\"rt-detail\"><h4 class=\"entry-title\"><a data-id=\"633060\" class=\"\" href=\"https:\/\/www.curling.ca\/fr\/blog\/2026\/09\/01\/curling-canada-octroie-20-bourses-detudes-a-de-jeunes-curleurs-canadiens\/\">Curling Canada octroie 20 bourses d&rsquo;\u00e9tudes \u00e0 de jeunes curleurs canadiens<\/a><\/h4><div class=\"post-meta-user  \"><span class=\"date\">1 septembre 2026<\/span><\/div><div class=\"post-meta \"><span class=\"read-more\"><a data-id=\"633060\" class=\"\" href=\"https:\/\/www.curling.ca\/fr\/blog\/2026\/09\/01\/curling-canada-octroie-20-bourses-detudes-a-de-jeunes-curleurs-canadiens\/\">Plus d\u2019infos<\/a><\/span><\/div><\/div><\/div><\/div><div class=\"rt-col-md-4 rt-col-sm-6 rt-col-xs-12 even-grid-item rt-grid-item\" data-id=\"633023\"><div class=\"rt-holder\"><div class=\"rt-img-holder\"><a data-id=\"633023\" class=\"\" href=\"https:\/\/www.curling.ca\/fr\/blog\/2026\/08\/25\/cinnamon-et-tao-remportent-le-double-mixte-a-la-classique-u-25-a-edmonton\/\"><img decoding=\"async\" width=\"410\" height=\"230\" src=\"https:\/\/www.curling.ca\/wp-content\/uploads\/2026\/08\/89ec8c77-15b2-46ad-b6a1-c3a3acc6de20-410x230.jpeg\" class=\"rt-img-responsive \" alt=\"\" \/><\/a><\/div><div class=\"rt-detail\"><h4 class=\"entry-title\"><a data-id=\"633023\" class=\"\" href=\"https:\/\/www.curling.ca\/fr\/blog\/2026\/08\/25\/cinnamon-et-tao-remportent-le-double-mixte-a-la-classique-u-25-a-edmonton\/\">CINNAMON ET TAO REMPORTENT LE DOUBLE MIXTE \u00c0 LA CLASSIQUE U-25 \u00c0 EDMONTON<\/a><\/h4><div class=\"post-meta-user  \"><span class=\"date\">25 ao\u00fbt 2026<\/span><\/div><div class=\"post-meta \"><span class=\"read-more\"><a data-id=\"633023\" class=\"\" href=\"https:\/\/www.curling.ca\/fr\/blog\/2026\/08\/25\/cinnamon-et-tao-remportent-le-double-mixte-a-la-classique-u-25-a-edmonton\/\">Plus d\u2019infos<\/a><\/span><\/div><\/div><\/div><\/div><div class=\"rt-col-md-4 rt-col-sm-6 rt-col-xs-12 even-grid-item rt-grid-item\" data-id=\"632973\"><div class=\"rt-holder\"><div class=\"rt-img-holder\"><a data-id=\"632973\" class=\"\" href=\"https:\/\/www.curling.ca\/fr\/blog\/2026\/08\/25\/harmoniser-la-formation-des-techniciens-de-glace-partout-au-canada\/\"><img loading=\"lazy\" decoding=\"async\" width=\"410\" height=\"230\" src=\"https:\/\/www.curling.ca\/wp-content\/uploads\/2026\/08\/Z62_5341-resize-1-410x230.jpg\" class=\"rt-img-responsive \" alt=\"\" \/><\/a><\/div><div class=\"rt-detail\"><h4 class=\"entry-title\"><a data-id=\"632973\" class=\"\" href=\"https:\/\/www.curling.ca\/fr\/blog\/2026\/08\/25\/harmoniser-la-formation-des-techniciens-de-glace-partout-au-canada\/\">Harmoniser la formation des techniciens de glace partout au Canada<\/a><\/h4><div class=\"post-meta-user  \"><span class=\"date\">25 ao\u00fbt 2026<\/span><\/div><div class=\"post-meta \"><span class=\"read-more\"><a data-id=\"632973\" class=\"\" href=\"https:\/\/www.curling.ca\/fr\/blog\/2026\/08\/25\/harmoniser-la-formation-des-techniciens-de-glace-partout-au-canada\/\">Plus d\u2019infos<\/a><\/span><\/div><\/div><\/div><\/div><\/div><\/div><\/div>\n\t\t\t\t\t\t<\/div>\n\t\t\t\t<\/div>\n\t\t\t\t\t<\/div>\n\t\t<\/div>\n\t\t\t\t\t<\/div>\n\t\t<\/section>\n\t\t\t\t<\/div>\n\t\t","protected":false},"excerpt":{"rendered":"<p>Partagez : TwitterFacebookShare-emailCopy URL to clipboard La saison bat son plein pour le programme national de curling en fauteuil roulant du Canada, les athl\u00e8tes canadiens ayant particip\u00e9 \u00e0 deux comp\u00e9titions&hellip;<\/p>\n","protected":false},"author":11,"featured_media":617250,"comment_status":"closed","ping_status":"closed","sticky":false,"template":"","format":"standard","meta":{"footnotes":""},"categories":[5319,2670],"tags":[],"class_list":["post-617276","post","type-post","status-publish","format-standard","has-post-thumbnail","hentry","category-curling-en-fauteuil-roulant","category-tous-les-articles"],"yoast_head":"<!-- This site is optimized with the Yoast SEO plugin v28.4 - https:\/\/yoast.com\/product\/yoast-seo-wordpress\/ -->\n<title>\u00c9quipe Canada trouve ses rep\u00e8res au d\u00e9but de la saison internationale de curling en fauteuil roulant - Curling Canada<\/title>\n<meta name=\"robots\" content=\"index, follow, max-snippet:-1, max-image-preview:large, max-video-preview:-1\" \/>\n<link rel=\"canonical\" href=\"https:\/\/www.curling.ca\/blog\/2025\/11\/04\/team-canada-finds-its-stride-in-early-season-international-wheelchair-curling-competition\/\" \/>\n<meta property=\"og:locale\" content=\"fr_FR\" \/>\n<meta property=\"og:type\" content=\"article\" \/>\n<meta property=\"og:title\" content=\"\u00c9quipe Canada trouve ses rep\u00e8res au d\u00e9but de la saison internationale de curling en fauteuil roulant - Curling Canada\" \/>\n<meta property=\"og:description\" content=\"Partagez : TwitterFacebookShare-emailCopy URL to clipboard La saison bat son plein pour le programme national de curling en fauteuil roulant du Canada, les athl\u00e8tes canadiens ayant particip\u00e9 \u00e0 deux comp\u00e9titions&hellip;\" \/>\n<meta property=\"og:url\" content=\"https:\/\/www.curling.ca\/blog\/2025\/11\/04\/team-canada-finds-its-stride-in-early-season-international-wheelchair-curling-competition\/\" \/>\n<meta property=\"og:site_name\" content=\"Curling Canada\" \/>\n<meta property=\"article:publisher\" content=\"https:\/\/www.facebook.com\/curlingcanada\" \/>\n<meta property=\"article:published_time\" content=\"2025-11-04T17:00:17+00:00\" \/>\n<meta property=\"og:image\" content=\"https:\/\/www.curling.ca\/wp-content\/uploads\/2025\/11\/Int.-Turnier-Wetzikon_2025-153.jpg\" \/>\n\t<meta property=\"og:image:width\" content=\"1500\" \/>\n\t<meta property=\"og:image:height\" content=\"750\" \/>\n\t<meta property=\"og:image:type\" content=\"image\/jpeg\" \/>\n<meta name=\"author\" content=\"Larissa Simone\" \/>\n<meta name=\"twitter:card\" content=\"summary_large_image\" \/>\n<meta name=\"twitter:creator\" content=\"@curlingcanada\" \/>\n<meta name=\"twitter:site\" content=\"@curlingcanada\" \/>\n<meta name=\"twitter:label1\" content=\"\u00c9crit par\" \/>\n\t<meta name=\"twitter:data1\" content=\"Larissa Simone\" \/>\n\t<meta name=\"twitter:label2\" content=\"Dur\u00e9e de lecture estim\u00e9e\" \/>\n\t<meta name=\"twitter:data2\" content=\"3 minutes\" \/>\n<script type=\"application\/ld+json\" class=\"yoast-schema-graph\">{\"@context\":\"https:\\\/\\\/schema.org\",\"@graph\":[{\"@type\":\"Article\",\"@id\":\"https:\\\/\\\/www.curling.ca\\\/blog\\\/2025\\\/11\\\/04\\\/team-canada-finds-its-stride-in-early-season-international-wheelchair-curling-competition\\\/#article\",\"isPartOf\":{\"@id\":\"https:\\\/\\\/www.curling.ca\\\/blog\\\/2025\\\/11\\\/04\\\/team-canada-finds-its-stride-in-early-season-international-wheelchair-curling-competition\\\/\"},\"author\":{\"name\":\"Larissa Simone\",\"@id\":\"https:\\\/\\\/www.curling.ca\\\/#\\\/schema\\\/person\\\/da0cd49e1fe9fe6b7ad40d6d7e0dfb3c\"},\"headline\":\"\u00c9quipe Canada trouve ses rep\u00e8res au d\u00e9but de la saison internationale de curling en fauteuil roulant\",\"datePublished\":\"2025-11-04T17:00:17+00:00\",\"mainEntityOfPage\":{\"@id\":\"https:\\\/\\\/www.curling.ca\\\/blog\\\/2025\\\/11\\\/04\\\/team-canada-finds-its-stride-in-early-season-international-wheelchair-curling-competition\\\/\"},\"wordCount\":592,\"publisher\":{\"@id\":\"https:\\\/\\\/www.curling.ca\\\/#organization\"},\"image\":{\"@id\":\"https:\\\/\\\/www.curling.ca\\\/blog\\\/2025\\\/11\\\/04\\\/team-canada-finds-its-stride-in-early-season-international-wheelchair-curling-competition\\\/#primaryimage\"},\"thumbnailUrl\":\"https:\\\/\\\/www.curling.ca\\\/wp-content\\\/uploads\\\/2025\\\/11\\\/Int.-Turnier-Wetzikon_2025-153.jpg\",\"articleSection\":[\"Curling en fauteuil roulant\",\"Tous les articles\"],\"inLanguage\":\"fr-FR\"},{\"@type\":\"WebPage\",\"@id\":\"https:\\\/\\\/www.curling.ca\\\/blog\\\/2025\\\/11\\\/04\\\/team-canada-finds-its-stride-in-early-season-international-wheelchair-curling-competition\\\/\",\"url\":\"https:\\\/\\\/www.curling.ca\\\/blog\\\/2025\\\/11\\\/04\\\/team-canada-finds-its-stride-in-early-season-international-wheelchair-curling-competition\\\/\",\"name\":\"\u00c9quipe Canada trouve ses rep\u00e8res au d\u00e9but de la saison internationale de curling en fauteuil roulant - Curling Canada\",\"isPartOf\":{\"@id\":\"https:\\\/\\\/www.curling.ca\\\/#website\"},\"primaryImageOfPage\":{\"@id\":\"https:\\\/\\\/www.curling.ca\\\/blog\\\/2025\\\/11\\\/04\\\/team-canada-finds-its-stride-in-early-season-international-wheelchair-curling-competition\\\/#primaryimage\"},\"image\":{\"@id\":\"https:\\\/\\\/www.curling.ca\\\/blog\\\/2025\\\/11\\\/04\\\/team-canada-finds-its-stride-in-early-season-international-wheelchair-curling-competition\\\/#primaryimage\"},\"thumbnailUrl\":\"https:\\\/\\\/www.curling.ca\\\/wp-content\\\/uploads\\\/2025\\\/11\\\/Int.-Turnier-Wetzikon_2025-153.jpg\",\"datePublished\":\"2025-11-04T17:00:17+00:00\",\"breadcrumb\":{\"@id\":\"https:\\\/\\\/www.curling.ca\\\/blog\\\/2025\\\/11\\\/04\\\/team-canada-finds-its-stride-in-early-season-international-wheelchair-curling-competition\\\/#breadcrumb\"},\"inLanguage\":\"fr-FR\",\"potentialAction\":[{\"@type\":\"ReadAction\",\"target\":[\"https:\\\/\\\/www.curling.ca\\\/blog\\\/2025\\\/11\\\/04\\\/team-canada-finds-its-stride-in-early-season-international-wheelchair-curling-competition\\\/\"]}]},{\"@type\":\"ImageObject\",\"inLanguage\":\"fr-FR\",\"@id\":\"https:\\\/\\\/www.curling.ca\\\/blog\\\/2025\\\/11\\\/04\\\/team-canada-finds-its-stride-in-early-season-international-wheelchair-curling-competition\\\/#primaryimage\",\"url\":\"https:\\\/\\\/www.curling.ca\\\/wp-content\\\/uploads\\\/2025\\\/11\\\/Int.-Turnier-Wetzikon_2025-153.jpg\",\"contentUrl\":\"https:\\\/\\\/www.curling.ca\\\/wp-content\\\/uploads\\\/2025\\\/11\\\/Int.-Turnier-Wetzikon_2025-153.jpg\",\"width\":1500,\"height\":750,\"caption\":\"La saison bat son plein pour le programme national de curling en fauteuil roulant du Canada, les athl\u00e8tes canadiens ayant particip\u00e9 \u00e0 deux comp\u00e9titions internationales cons\u00e9cutives en octobre. (Photo, Rubi Businessfotografie \\\/ Nicole Rubitschon)\"},{\"@type\":\"BreadcrumbList\",\"@id\":\"https:\\\/\\\/www.curling.ca\\\/blog\\\/2025\\\/11\\\/04\\\/team-canada-finds-its-stride-in-early-season-international-wheelchair-curling-competition\\\/#breadcrumb\",\"itemListElement\":[{\"@type\":\"ListItem\",\"position\":1,\"name\":\"Home\",\"item\":\"https:\\\/\\\/www.curling.ca\\\/\"},{\"@type\":\"ListItem\",\"position\":2,\"name\":\"\u00c9quipe Canada trouve ses rep\u00e8res au d\u00e9but de la saison internationale de curling en fauteuil roulant\"}]},{\"@type\":\"WebSite\",\"@id\":\"https:\\\/\\\/www.curling.ca\\\/#website\",\"url\":\"https:\\\/\\\/www.curling.ca\\\/\",\"name\":\"Curling Canada\",\"description\":\"The home of curling in Canada.\",\"publisher\":{\"@id\":\"https:\\\/\\\/www.curling.ca\\\/#organization\"},\"potentialAction\":[{\"@type\":\"SearchAction\",\"target\":{\"@type\":\"EntryPoint\",\"urlTemplate\":\"https:\\\/\\\/www.curling.ca\\\/?s={search_term_string}\"},\"query-input\":{\"@type\":\"PropertyValueSpecification\",\"valueRequired\":true,\"valueName\":\"search_term_string\"}}],\"inLanguage\":\"fr-FR\"},{\"@type\":\"Organization\",\"@id\":\"https:\\\/\\\/www.curling.ca\\\/#organization\",\"name\":\"Curling Canada\",\"url\":\"https:\\\/\\\/www.curling.ca\\\/\",\"logo\":{\"@type\":\"ImageObject\",\"inLanguage\":\"fr-FR\",\"@id\":\"https:\\\/\\\/www.curling.ca\\\/#\\\/schema\\\/logo\\\/image\\\/\",\"url\":\"https:\\\/\\\/www.curling.ca\\\/wp-content\\\/uploads\\\/2023\\\/08\\\/main-white-1.png\",\"contentUrl\":\"https:\\\/\\\/www.curling.ca\\\/wp-content\\\/uploads\\\/2023\\\/08\\\/main-white-1.png\",\"width\":74,\"height\":116,\"caption\":\"Curling Canada\"},\"image\":{\"@id\":\"https:\\\/\\\/www.curling.ca\\\/#\\\/schema\\\/logo\\\/image\\\/\"},\"sameAs\":[\"https:\\\/\\\/www.facebook.com\\\/curlingcanada\",\"https:\\\/\\\/x.com\\\/curlingcanada\",\"https:\\\/\\\/www.instagram.com\\\/curlingcanada\",\"https:\\\/\\\/www.youtube.com\\\/curlingcanada\"]},{\"@type\":\"Person\",\"@id\":\"https:\\\/\\\/www.curling.ca\\\/#\\\/schema\\\/person\\\/da0cd49e1fe9fe6b7ad40d6d7e0dfb3c\",\"name\":\"Larissa Simone\",\"image\":{\"@type\":\"ImageObject\",\"inLanguage\":\"fr-FR\",\"@id\":\"https:\\\/\\\/secure.gravatar.com\\\/avatar\\\/1aa441d3d3ce036286cc6c1e938a8e9817a915ace6ead6a92601a903053c5571?s=96&d=mm&r=g\",\"url\":\"https:\\\/\\\/secure.gravatar.com\\\/avatar\\\/1aa441d3d3ce036286cc6c1e938a8e9817a915ace6ead6a92601a903053c5571?s=96&d=mm&r=g\",\"contentUrl\":\"https:\\\/\\\/secure.gravatar.com\\\/avatar\\\/1aa441d3d3ce036286cc6c1e938a8e9817a915ace6ead6a92601a903053c5571?s=96&d=mm&r=g\",\"caption\":\"Larissa Simone\"},\"url\":\"https:\\\/\\\/www.curling.ca\\\/fr\\\/blog\\\/author\\\/admin-larissa\\\/\"}]}<\/script>\n<!-- \/ Yoast SEO plugin. -->","yoast_head_json":{"title":"\u00c9quipe Canada trouve ses rep\u00e8res au d\u00e9but de la saison internationale de curling en fauteuil roulant - Curling Canada","robots":{"index":"index","follow":"follow","max-snippet":"max-snippet:-1","max-image-preview":"max-image-preview:large","max-video-preview":"max-video-preview:-1"},"canonical":"https:\/\/www.curling.ca\/blog\/2025\/11\/04\/team-canada-finds-its-stride-in-early-season-international-wheelchair-curling-competition\/","og_locale":"fr_FR","og_type":"article","og_title":"\u00c9quipe Canada trouve ses rep\u00e8res au d\u00e9but de la saison internationale de curling en fauteuil roulant - Curling Canada","og_description":"Partagez : TwitterFacebookShare-emailCopy URL to clipboard La saison bat son plein pour le programme national de curling en fauteuil roulant du Canada, les athl\u00e8tes canadiens ayant particip\u00e9 \u00e0 deux comp\u00e9titions&hellip;","og_url":"https:\/\/www.curling.ca\/blog\/2025\/11\/04\/team-canada-finds-its-stride-in-early-season-international-wheelchair-curling-competition\/","og_site_name":"Curling Canada","article_publisher":"https:\/\/www.facebook.com\/curlingcanada","article_published_time":"2025-11-04T17:00:17+00:00","og_image":[{"width":1500,"height":750,"url":"https:\/\/www.curling.ca\/wp-content\/uploads\/2025\/11\/Int.-Turnier-Wetzikon_2025-153.jpg","type":"image\/jpeg"}],"author":"Larissa Simone","twitter_card":"summary_large_image","twitter_creator":"@curlingcanada","twitter_site":"@curlingcanada","twitter_misc":{"\u00c9crit par":"Larissa Simone","Dur\u00e9e de lecture estim\u00e9e":"3 minutes"},"schema":{"@context":"https:\/\/schema.org","@graph":[{"@type":"Article","@id":"https:\/\/www.curling.ca\/blog\/2025\/11\/04\/team-canada-finds-its-stride-in-early-season-international-wheelchair-curling-competition\/#article","isPartOf":{"@id":"https:\/\/www.curling.ca\/blog\/2025\/11\/04\/team-canada-finds-its-stride-in-early-season-international-wheelchair-curling-competition\/"},"author":{"name":"Larissa Simone","@id":"https:\/\/www.curling.ca\/#\/schema\/person\/da0cd49e1fe9fe6b7ad40d6d7e0dfb3c"},"headline":"\u00c9quipe Canada trouve ses rep\u00e8res au d\u00e9but de la saison internationale de curling en fauteuil roulant","datePublished":"2025-11-04T17:00:17+00:00","mainEntityOfPage":{"@id":"https:\/\/www.curling.ca\/blog\/2025\/11\/04\/team-canada-finds-its-stride-in-early-season-international-wheelchair-curling-competition\/"},"wordCount":592,"publisher":{"@id":"https:\/\/www.curling.ca\/#organization"},"image":{"@id":"https:\/\/www.curling.ca\/blog\/2025\/11\/04\/team-canada-finds-its-stride-in-early-season-international-wheelchair-curling-competition\/#primaryimage"},"thumbnailUrl":"https:\/\/www.curling.ca\/wp-content\/uploads\/2025\/11\/Int.-Turnier-Wetzikon_2025-153.jpg","articleSection":["Curling en fauteuil roulant","Tous les articles"],"inLanguage":"fr-FR"},{"@type":"WebPage","@id":"https:\/\/www.curling.ca\/blog\/2025\/11\/04\/team-canada-finds-its-stride-in-early-season-international-wheelchair-curling-competition\/","url":"https:\/\/www.curling.ca\/blog\/2025\/11\/04\/team-canada-finds-its-stride-in-early-season-international-wheelchair-curling-competition\/","name":"\u00c9quipe Canada trouve ses rep\u00e8res au d\u00e9but de la saison internationale de curling en fauteuil roulant - Curling Canada","isPartOf":{"@id":"https:\/\/www.curling.ca\/#website"},"primaryImageOfPage":{"@id":"https:\/\/www.curling.ca\/blog\/2025\/11\/04\/team-canada-finds-its-stride-in-early-season-international-wheelchair-curling-competition\/#primaryimage"},"image":{"@id":"https:\/\/www.curling.ca\/blog\/2025\/11\/04\/team-canada-finds-its-stride-in-early-season-international-wheelchair-curling-competition\/#primaryimage"},"thumbnailUrl":"https:\/\/www.curling.ca\/wp-content\/uploads\/2025\/11\/Int.-Turnier-Wetzikon_2025-153.jpg","datePublished":"2025-11-04T17:00:17+00:00","breadcrumb":{"@id":"https:\/\/www.curling.ca\/blog\/2025\/11\/04\/team-canada-finds-its-stride-in-early-season-international-wheelchair-curling-competition\/#breadcrumb"},"inLanguage":"fr-FR","potentialAction":[{"@type":"ReadAction","target":["https:\/\/www.curling.ca\/blog\/2025\/11\/04\/team-canada-finds-its-stride-in-early-season-international-wheelchair-curling-competition\/"]}]},{"@type":"ImageObject","inLanguage":"fr-FR","@id":"https:\/\/www.curling.ca\/blog\/2025\/11\/04\/team-canada-finds-its-stride-in-early-season-international-wheelchair-curling-competition\/#primaryimage","url":"https:\/\/www.curling.ca\/wp-content\/uploads\/2025\/11\/Int.-Turnier-Wetzikon_2025-153.jpg","contentUrl":"https:\/\/www.curling.ca\/wp-content\/uploads\/2025\/11\/Int.-Turnier-Wetzikon_2025-153.jpg","width":1500,"height":750,"caption":"La saison bat son plein pour le programme national de curling en fauteuil roulant du Canada, les athl\u00e8tes canadiens ayant particip\u00e9 \u00e0 deux comp\u00e9titions internationales cons\u00e9cutives en octobre. (Photo, Rubi Businessfotografie \/ Nicole Rubitschon)"},{"@type":"BreadcrumbList","@id":"https:\/\/www.curling.ca\/blog\/2025\/11\/04\/team-canada-finds-its-stride-in-early-season-international-wheelchair-curling-competition\/#breadcrumb","itemListElement":[{"@type":"ListItem","position":1,"name":"Home","item":"https:\/\/www.curling.ca\/"},{"@type":"ListItem","position":2,"name":"\u00c9quipe Canada trouve ses rep\u00e8res au d\u00e9but de la saison internationale de curling en fauteuil roulant"}]},{"@type":"WebSite","@id":"https:\/\/www.curling.ca\/#website","url":"https:\/\/www.curling.ca\/","name":"Curling Canada","description":"The home of curling in Canada.","publisher":{"@id":"https:\/\/www.curling.ca\/#organization"},"potentialAction":[{"@type":"SearchAction","target":{"@type":"EntryPoint","urlTemplate":"https:\/\/www.curling.ca\/?s={search_term_string}"},"query-input":{"@type":"PropertyValueSpecification","valueRequired":true,"valueName":"search_term_string"}}],"inLanguage":"fr-FR"},{"@type":"Organization","@id":"https:\/\/www.curling.ca\/#organization","name":"Curling Canada","url":"https:\/\/www.curling.ca\/","logo":{"@type":"ImageObject","inLanguage":"fr-FR","@id":"https:\/\/www.curling.ca\/#\/schema\/logo\/image\/","url":"https:\/\/www.curling.ca\/wp-content\/uploads\/2023\/08\/main-white-1.png","contentUrl":"https:\/\/www.curling.ca\/wp-content\/uploads\/2023\/08\/main-white-1.png","width":74,"height":116,"caption":"Curling Canada"},"image":{"@id":"https:\/\/www.curling.ca\/#\/schema\/logo\/image\/"},"sameAs":["https:\/\/www.facebook.com\/curlingcanada","https:\/\/x.com\/curlingcanada","https:\/\/www.instagram.com\/curlingcanada","https:\/\/www.youtube.com\/curlingcanada"]},{"@type":"Person","@id":"https:\/\/www.curling.ca\/#\/schema\/person\/da0cd49e1fe9fe6b7ad40d6d7e0dfb3c","name":"Larissa Simone","image":{"@type":"ImageObject","inLanguage":"fr-FR","@id":"https:\/\/secure.gravatar.com\/avatar\/1aa441d3d3ce036286cc6c1e938a8e9817a915ace6ead6a92601a903053c5571?s=96&d=mm&r=g","url":"https:\/\/secure.gravatar.com\/avatar\/1aa441d3d3ce036286cc6c1e938a8e9817a915ace6ead6a92601a903053c5571?s=96&d=mm&r=g","contentUrl":"https:\/\/secure.gravatar.com\/avatar\/1aa441d3d3ce036286cc6c1e938a8e9817a915ace6ead6a92601a903053c5571?s=96&d=mm&r=g","caption":"Larissa Simone"},"url":"https:\/\/www.curling.ca\/fr\/blog\/author\/admin-larissa\/"}]}},"rttpg_featured_image_url":{"full":["https:\/\/www.curling.ca\/wp-content\/uploads\/2025\/11\/Int.-Turnier-Wetzikon_2025-153.jpg",1500,750,false],"landscape":["https:\/\/www.curling.ca\/wp-content\/uploads\/2025\/11\/Int.-Turnier-Wetzikon_2025-153.jpg",1500,750,false],"portraits":["https:\/\/www.curling.ca\/wp-content\/uploads\/2025\/11\/Int.-Turnier-Wetzikon_2025-153.jpg",1500,750,false],"thumbnail":["https:\/\/www.curling.ca\/wp-content\/uploads\/2025\/11\/Int.-Turnier-Wetzikon_2025-153-150x150.jpg",150,150,true],"medium":["https:\/\/www.curling.ca\/wp-content\/uploads\/2025\/11\/Int.-Turnier-Wetzikon_2025-153-300x150.jpg",300,150,true],"large":["https:\/\/www.curling.ca\/wp-content\/uploads\/2025\/11\/Int.-Turnier-Wetzikon_2025-153-1024x512.jpg",1024,512,true],"1536x1536":["https:\/\/www.curling.ca\/wp-content\/uploads\/2025\/11\/Int.-Turnier-Wetzikon_2025-153.jpg",1500,750,false],"2048x2048":["https:\/\/www.curling.ca\/wp-content\/uploads\/2025\/11\/Int.-Turnier-Wetzikon_2025-153.jpg",1500,750,false],"post-thumbnail":["https:\/\/www.curling.ca\/wp-content\/uploads\/2025\/11\/Int.-Turnier-Wetzikon_2025-153-370x185.jpg",370,185,true],"redy-thumb-huge":["https:\/\/www.curling.ca\/wp-content\/uploads\/2025\/11\/Int.-Turnier-Wetzikon_2025-153-1290x725.jpg",1290,725,true],"redy-thumb-big":["https:\/\/www.curling.ca\/wp-content\/uploads\/2025\/11\/Int.-Turnier-Wetzikon_2025-153-840x473.jpg",840,473,true],"redy-thumb-med":["https:\/\/www.curling.ca\/wp-content\/uploads\/2025\/11\/Int.-Turnier-Wetzikon_2025-153-410x230.jpg",410,230,true],"redy-thumb-tiny":["https:\/\/www.curling.ca\/wp-content\/uploads\/2025\/11\/Int.-Turnier-Wetzikon_2025-153-120x120.jpg",120,120,true],"redy-thumb-masonry-big":["https:\/\/www.curling.ca\/wp-content\/uploads\/2025\/11\/Int.-Turnier-Wetzikon_2025-153-840x420.jpg",840,420,true],"redy-thumb-masonry":["https:\/\/www.curling.ca\/wp-content\/uploads\/2025\/11\/Int.-Turnier-Wetzikon_2025-153-410x205.jpg",410,205,true],"redy-thumb-rectangle":["https:\/\/www.curling.ca\/wp-content\/uploads\/2025\/11\/Int.-Turnier-Wetzikon_2025-153-570x696.jpg",570,696,true],"redy-thumb-medium-square":["https:\/\/www.curling.ca\/wp-content\/uploads\/2025\/11\/Int.-Turnier-Wetzikon_2025-153-650x572.jpg",650,572,true],"redy-thumb-square":["https:\/\/www.curling.ca\/wp-content\/uploads\/2025\/11\/Int.-Turnier-Wetzikon_2025-153-890x664.jpg",890,664,true],"trx_addons-thumb-small":["https:\/\/www.curling.ca\/wp-content\/uploads\/2025\/11\/Int.-Turnier-Wetzikon_2025-153-270x152.jpg",270,152,true],"trx_addons-thumb-portrait":["https:\/\/www.curling.ca\/wp-content\/uploads\/2025\/11\/Int.-Turnier-Wetzikon_2025-153-370x493.jpg",370,493,true],"trx_addons-thumb-avatar":["https:\/\/www.curling.ca\/wp-content\/uploads\/2025\/11\/Int.-Turnier-Wetzikon_2025-153-370x370.jpg",370,370,true],"rt_custom":["https:\/\/www.curling.ca\/wp-content\/uploads\/2025\/11\/Int.-Turnier-Wetzikon_2025-153.jpg",1500,750,false]},"rttpg_author":{"display_name":"Larissa Simone","author_link":"https:\/\/www.curling.ca\/fr\/blog\/author\/admin-larissa\/"},"rttpg_comment":0,"rttpg_category":"<a href=\"https:\/\/www.curling.ca\/fr\/blog\/category\/curling-en-fauteuil-roulant\/\" rel=\"category tag\">Curling en fauteuil roulant<\/a> <a href=\"https:\/\/www.curling.ca\/fr\/blog\/category\/posts\/tous-les-articles\/\" rel=\"category tag\">Tous les articles<\/a>","rttpg_excerpt":"Partagez : TwitterFacebookShare-emailCopy URL to clipboard La saison bat son plein pour le programme national de curling en fauteuil roulant du Canada, les athl\u00e8tes canadiens ayant particip\u00e9 \u00e0 deux comp\u00e9titions&hellip;","_links":{"self":[{"href":"https:\/\/www.curling.ca\/fr\/wp-json\/wp\/v2\/posts\/617276","targetHints":{"allow":["GET"]}}],"collection":[{"href":"https:\/\/www.curling.ca\/fr\/wp-json\/wp\/v2\/posts"}],"about":[{"href":"https:\/\/www.curling.ca\/fr\/wp-json\/wp\/v2\/types\/post"}],"author":[{"embeddable":true,"href":"https:\/\/www.curling.ca\/fr\/wp-json\/wp\/v2\/users\/11"}],"replies":[{"embeddable":true,"href":"https:\/\/www.curling.ca\/fr\/wp-json\/wp\/v2\/comments?post=617276"}],"version-history":[{"count":0,"href":"https:\/\/www.curling.ca\/fr\/wp-json\/wp\/v2\/posts\/617276\/revisions"}],"wp:featuredmedia":[{"embeddable":true,"href":"https:\/\/www.curling.ca\/fr\/wp-json\/wp\/v2\/media\/617250"}],"wp:attachment":[{"href":"https:\/\/www.curling.ca\/fr\/wp-json\/wp\/v2\/media?parent=617276"}],"wp:term":[{"taxonomy":"category","embeddable":true,"href":"https:\/\/www.curling.ca\/fr\/wp-json\/wp\/v2\/categories?post=617276"},{"taxonomy":"post_tag","embeddable":true,"href":"https:\/\/www.curling.ca\/fr\/wp-json\/wp\/v2\/tags?post=617276"}],"curies":[{"name":"wp","href":"https:\/\/api.w.org\/{rel}","templated":true}]}}