{"id":629386,"date":"2026-05-02T10:42:53","date_gmt":"2026-05-02T14:42:53","guid":{"rendered":"https:\/\/www.curling.ca\/?p=629386"},"modified":"2026-05-02T10:47:13","modified_gmt":"2026-05-02T14:47:13","slug":"ideson-et-henry-representeront-le-canada-lors-du-retour-du-mondial-junior-de-double-mixte-a-edmonton","status":"publish","type":"post","link":"https:\/\/www.curling.ca\/fr\/blog\/2026\/05\/02\/ideson-et-henry-representeront-le-canada-lors-du-retour-du-mondial-junior-de-double-mixte-a-edmonton\/","title":{"rendered":"Ideson et Henry Repr\u00e9senteront le Canada lors du Retour du Mondial Junior de Double Mixte \u00e0 Edmonton"},"content":{"rendered":"\t\t<div data-elementor-type=\"wp-post\" data-elementor-id=\"629386\" class=\"elementor elementor-629386 elementor-629380\" data-elementor-post-type=\"post\">\n\t\t\t\t\t\t<section class=\"elementor-section elementor-top-section elementor-element elementor-element-6d25d3a elementor-section-boxed elementor-section-height-default elementor-section-height-default sc_fly_static\" data-id=\"6d25d3a\" data-element_type=\"section\" data-e-type=\"section\">\n\t\t\t\t\t\t<div class=\"elementor-container elementor-column-gap-extended\">\n\t\t\t\t\t<div class=\"elementor-column elementor-col-100 elementor-top-column elementor-element elementor-element-ff37c8c sc_content_align_inherit sc_layouts_column_icons_position_left sc_fly_static\" data-id=\"ff37c8c\" data-element_type=\"column\" data-e-type=\"column\">\n\t\t\t<div class=\"elementor-widget-wrap elementor-element-populated\">\n\t\t\t\t\t\t<div class=\"elementor-element elementor-element-c09b50c sc_fly_static elementor-widget elementor-widget-trx_sc_title\" data-id=\"c09b50c\" data-element_type=\"widget\" data-e-type=\"widget\" data-widget_type=\"trx_sc_title.default\">\n\t\t\t\t<div class=\"elementor-widget-container\">\n\t\t\t\t\t<div\t\tclass=\"sc_title sc_title_default\" ><span class=\"sc_item_subtitle sc_title_subtitle sc_item_subtitle_above sc_item_title_style_default sc_item_subtitle_with_custom_color trx_addons_inline_1460308145\">Partagez:<\/span><\/div>\t\t\t\t<\/div>\n\t\t\t\t<\/div>\n\t\t\t\t<div class=\"elementor-element elementor-element-911ef94 sc_fly_static elementor-widget elementor-widget-trx_sc_socials\" data-id=\"911ef94\" data-element_type=\"widget\" data-e-type=\"widget\" data-widget_type=\"trx_sc_socials.default\">\n\t\t\t\t<div class=\"elementor-widget-container\">\n\t\t\t\t\t<div  \n\t\tclass=\"sc_socials sc_socials_default sc_align_none\" ><div class=\"share_wrap sc_item_content\"><div class=\"socials_share socials_size_tiny socials_type_block socials_dir_horizontal socials_wrap\"><span class=\"social_items\"><a class=\"social_item social_item_popup\" href=\"\/\/twitter.com\/intent\/tweet?text=Ideson+et+Henry+Repr%C3%A9senteront+le+Canada+lors+du+Retour+du+Mondial+Junior+de+Double+Mixte+%C3%A0+Edmonton&#038;url=https%3A%2F%2Fwww.curling.ca%2Ffr%2Fblog%2F2026%2F05%2F02%2Fideson-et-henry-representeront-le-canada-lors-du-retour-du-mondial-junior-de-double-mixte-a-edmonton%2F\" data-link=\"\/\/twitter.com\/intent\/tweet?text=Ideson et Henry Repr\u00e9senteront le Canada lors du Retour du Mondial Junior de Double Mixte \u00e0 Edmonton&amp;url=https%3A%2F%2Fwww.curling.ca%2Ffr%2Fblog%2F2026%2F05%2F02%2Fideson-et-henry-representeront-le-canada-lors-du-retour-du-mondial-junior-de-double-mixte-a-edmonton%2F\" data-count=\"twitter-x\"><span class=\"social_icon social_icon_twitter-x sc_icon_type_icons\" style=\"\"><span class=\"screen-reader-text\">Twitter<\/span><span class=\"trx_addons_icon-twitter-x\"><\/span><\/span><\/a><a class=\"social_item social_item_popup\" href=\"\/\/www.facebook.com\/sharer\/sharer.php?u=https%3A%2F%2Fwww.curling.ca%2Ffr%2Fblog%2F2026%2F05%2F02%2Fideson-et-henry-representeront-le-canada-lors-du-retour-du-mondial-junior-de-double-mixte-a-edmonton%2F\" data-link=\"\/\/www.facebook.com\/sharer\/sharer.php?u=https%3A%2F%2Fwww.curling.ca%2Ffr%2Fblog%2F2026%2F05%2F02%2Fideson-et-henry-representeront-le-canada-lors-du-retour-du-mondial-junior-de-double-mixte-a-edmonton%2F\" data-count=\"facebook-1\"><span class=\"social_icon social_icon_facebook-1 sc_icon_type_icons\" style=\"\"><span class=\"screen-reader-text\">Facebook<\/span><span class=\"icon-facebook-1\"><\/span><\/span><\/a><a class=\"social_item\" href=\"mailto:test@fwe.com?subject=Ideson%20et%20Henry%20Repr\u00e9senteront%20le%20Canada%20lors%20du%20Retour%20du%20Mondial%20Junior%20de%20Double%20Mixte%20\u00e0%20Edmonton&#038;body=https%3A%2F%2Fwww.curling.ca%2Ffr%2Fblog%2F2026%2F05%2F02%2Fideson-et-henry-representeront-le-canada-lors-du-retour-du-mondial-junior-de-double-mixte-a-edmonton%2F\" target=\"_blank\" data-count=\"share-email\"><span class=\"social_icon social_icon_share-email sc_icon_type_icons\" style=\"\"><span class=\"screen-reader-text\">Share-email<\/span><span class=\"icon-share-email\"><\/span><\/span><\/a><a class=\"social_item\" title=\"Copy URL to clipboard\" data-message=\"Copied!\" data-copy-link-url=\"https:\/\/www.curling.ca\/fr\/blog\/2026\/05\/02\/ideson-et-henry-representeront-le-canada-lors-du-retour-du-mondial-junior-de-double-mixte-a-edmonton\/\" nopopup=\"true\" href=\"#\" role=\"button\" target=\"_blank\" data-count=\"link\"><span class=\"social_icon social_icon_link sc_icon_type_icons\" style=\"\"><span class=\"screen-reader-text\">Copy URL to clipboard<\/span><span class=\"icon-link\"><\/span><\/span><\/a><\/span><\/div><\/div><\/div>\t\t\t\t<\/div>\n\t\t\t\t<\/div>\n\t\t\t\t<div class=\"elementor-element elementor-element-17c7ef3 sc_fly_static elementor-widget elementor-widget-spacer\" data-id=\"17c7ef3\" data-element_type=\"widget\" data-e-type=\"widget\" data-widget_type=\"spacer.default\">\n\t\t\t\t<div class=\"elementor-widget-container\">\n\t\t\t\t\t\t\t<div class=\"elementor-spacer\">\n\t\t\t<div class=\"elementor-spacer-inner\"><\/div>\n\t\t<\/div>\n\t\t\t\t\t\t<\/div>\n\t\t\t\t<\/div>\n\t\t\t\t\t<\/div>\n\t\t<\/div>\n\t\t\t\t\t<\/div>\n\t\t<\/section>\n\t\t\t\t<section class=\"elementor-section elementor-top-section elementor-element elementor-element-960ab7a elementor-section-boxed elementor-section-height-default elementor-section-height-default sc_fly_static\" data-id=\"960ab7a\" data-element_type=\"section\" data-e-type=\"section\">\n\t\t\t\t\t\t<div class=\"elementor-container elementor-column-gap-extended\">\n\t\t\t\t\t<div class=\"elementor-column elementor-col-100 elementor-top-column elementor-element elementor-element-871ba72 sc_content_align_inherit sc_layouts_column_icons_position_left sc_fly_static\" data-id=\"871ba72\" data-element_type=\"column\" data-e-type=\"column\">\n\t\t\t<div class=\"elementor-widget-wrap elementor-element-populated\">\n\t\t\t\t\t\t<div class=\"elementor-element elementor-element-283d4fd sc_fly_static elementor-widget elementor-widget-text-editor\" data-id=\"283d4fd\" data-element_type=\"widget\" data-e-type=\"widget\" data-widget_type=\"text-editor.default\">\n\t\t\t\t<div class=\"elementor-widget-container\">\n\t\t\t\t\t\t\t\t\t<p>Alors qu\u2019un championnat du monde de double mixte se termine samedi en Suisse, un autre s\u2019appr\u00eate \u00e0 prendre son envol, mardi, \u00e0 Edmonton.<\/p><p>Pour la deuxi\u00e8me ann\u00e9e cons\u00e9cutive, le Centre sportif communautaire Saville accueillera le Championnat du monde junior de curling double mixte, dans le cadre duquel des duos de 32 pays s&rsquo;affronteront pour le titre mondial des moins de 21 ans.<\/p><p>L&rsquo;\u00e9quipe canadienne est compos\u00e9e de Brooklyn Ideson et Owen Henry, qui \u00e9voluent \u00e0 Ilderton, en Ontario. Ils ont m\u00e9rit\u00e9 le droit de porter l\u2019uniforme unifoli\u00e9 en remportant les \u00e9liminatoires nationales \u00e0 Sudbury, en Ontario, en mars.<\/p><p>\u00ab Remporter le tournoi national est l&rsquo;aboutissement de notre travail acharn\u00e9 des derni\u00e8res ann\u00e9es \u00bb, a d\u00e9clar\u00e9 Ideson, \u00e2g\u00e9e de 20 ans et \u00e9tudiante en sciences de l&rsquo;environnement \u00e0 l&rsquo;Universit\u00e9 Western. \u00ab Le fait de savoir que notre d\u00e9vouement porte ses fruits ne fait qu&rsquo;attiser notre motivation. \u00bb<\/p><p>\u00ab C&rsquo;est tout simplement un v\u00e9ritable honneur de porter l\u2019uniforme unifoli\u00e9 lors d&rsquo;un \u00e9v\u00e9nement comme celui-ci \u00bb, a affirm\u00e9 Henry, r\u00e9cemment dipl\u00f4m\u00e9 en math\u00e9matiques et statistiques de l&rsquo;Universit\u00e9 Brock. \u00ab Que ma carri\u00e8re junior de curling se termine \u00e0 ce championnat du monde est la conclusion parfaite de ce chapitre et, je l&rsquo;esp\u00e8re, un tremplin id\u00e9al pour le suivant. \u00bb<\/p><p>Alors que Kadriana et Colton Lott ont remport\u00e9 le bronze au du championnat du monde \u00e0 Gen\u00e8ve, en Suisse, cette semaine, Ideson et Henry tenteront d&rsquo;\u00e9galer, voire de surpasser, leur performance lors de la version junior de la comp\u00e9tition.<\/p><p>Les nombreuses \u00e9quipes participantes sont r\u00e9parties en quatre groupes de huit. Lors du tour pr\u00e9liminaire, les Canadiens affronteront les sept autres \u00e9quipes de leur groupe, dont la Su\u00e8de et l&rsquo;Allemagne.<\/p><p>L&rsquo;an dernier, la toute premi\u00e8re \u00e9dition de ce championnat junior r\u00e9unissait 29 \u00e9quipes et s&rsquo;\u00e9tait \u00e9galement d\u00e9roul\u00e9e \u00e0 Edmonton. Avec la croissance du championnat, de plus en plus de pays qui ne sont pas n\u00e9cessairement reconnus comme des puissances du curling y participent, notamment l&rsquo;Australie, le Br\u00e9sil, le Kenya et le Nig\u00e9ria.<\/p><p>\u00ab Je suis impatiente de tout donner pour notre pays cette semaine \u00bb, a d\u00e9clar\u00e9 Ideson. \u00ab Nous nous sentons pr\u00eats pour les grands moments sur la glace, mais ce sera aussi formidable de savourer les petits d\u00e9tails de cette exp\u00e9rience. Ressentir le soutien et les encouragements de nos familles et amis et de partout au pays sera vraiment sp\u00e9cial. \u00bb<\/p><p>Les Canadiens sont appuy\u00e9s par l\u2019entra\u00eeneur Mark Ideson, double m\u00e9daill\u00e9 d\u2019or paralympique, et la chef d\u2019\u00e9quipe Laura Walker, championne canadienne de double mixte en 2018.<\/p><p>\u00ab Brooklyn, Mark et moi avons \u00e9t\u00e9 en mesure de tenir un camp d&rsquo;entra\u00eenement cette semaine \u00bb, a d\u00e9clar\u00e9 Henry. \u00ab Apr\u00e8s quelques jours, nous \u00e9tions tr\u00e8s satisfaits de la mani\u00e8re dont nous lancions les pierres et de notre gestion des pierres le long de la glace. Nous sommes pr\u00eats \u00e0 d\u00e9marrer le tournoi en force \u00e0 Edmonton. \u00bb<\/p><p>Le duo canadien d\u00e9butera son tournoi le mardi 5 mai contre l&rsquo;Angleterre. Le match commencera \u00e0 12 h 30, heure locale (14 h 30 HE). Les r\u00e9sultats et l&rsquo;horaire sont disponibles \u00e0 l\u2019adresse https:\/\/livescores.worldcurling.org\/.<\/p><p>Huit \u00e9quipes se qualifieront pour les \u00e9liminatoires. Les demi-finales et les finales auront lieu le dimanche 10 mai.<\/p>\t\t\t\t\t\t\t\t<\/div>\n\t\t\t\t<\/div>\n\t\t\t\t\t<\/div>\n\t\t<\/div>\n\t\t\t\t\t<\/div>\n\t\t<\/section>\n\t\t\t\t<section class=\"elementor-section elementor-top-section elementor-element elementor-element-42127ed elementor-section-boxed elementor-section-height-default elementor-section-height-default sc_fly_static\" data-id=\"42127ed\" data-element_type=\"section\" data-e-type=\"section\">\n\t\t\t\t\t\t<div class=\"elementor-container elementor-column-gap-extended\">\n\t\t\t\t\t<div class=\"elementor-column elementor-col-100 elementor-top-column elementor-element elementor-element-024a18e sc_content_align_inherit sc_layouts_column_icons_position_left sc_fly_static\" data-id=\"024a18e\" data-element_type=\"column\" data-e-type=\"column\">\n\t\t\t<div class=\"elementor-widget-wrap elementor-element-populated\">\n\t\t\t\t\t\t<div class=\"elementor-element elementor-element-aefa860 sc_fly_static elementor-widget elementor-widget-spacer\" data-id=\"aefa860\" data-element_type=\"widget\" data-e-type=\"widget\" data-widget_type=\"spacer.default\">\n\t\t\t\t<div class=\"elementor-widget-container\">\n\t\t\t\t\t\t\t<div class=\"elementor-spacer\">\n\t\t\t<div class=\"elementor-spacer-inner\"><\/div>\n\t\t<\/div>\n\t\t\t\t\t\t<\/div>\n\t\t\t\t<\/div>\n\t\t\t\t\t<\/div>\n\t\t<\/div>\n\t\t\t\t\t<\/div>\n\t\t<\/section>\n\t\t\t\t<section class=\"elementor-section elementor-top-section elementor-element elementor-element-86c7326 elementor-section-boxed elementor-section-height-default elementor-section-height-default sc_fly_static\" data-id=\"86c7326\" data-element_type=\"section\" data-e-type=\"section\">\n\t\t\t\t\t\t<div class=\"elementor-container elementor-column-gap-extended\">\n\t\t\t\t\t<div class=\"elementor-column elementor-col-100 elementor-top-column elementor-element elementor-element-bb6d9e2 sc_content_align_inherit sc_layouts_column_icons_position_left sc_fly_static\" data-id=\"bb6d9e2\" data-element_type=\"column\" data-e-type=\"column\">\n\t\t\t<div class=\"elementor-widget-wrap elementor-element-populated\">\n\t\t\t\t\t\t<div class=\"elementor-element elementor-element-a420326 sc_fly_static elementor-widget elementor-widget-trx_sc_title\" data-id=\"a420326\" data-element_type=\"widget\" data-e-type=\"widget\" data-widget_type=\"trx_sc_title.default\">\n\t\t\t\t<div class=\"elementor-widget-container\">\n\t\t\t\t\t<div\t\tclass=\"sc_title sc_title_default\" ><span class=\"sc_item_subtitle sc_title_subtitle sc_item_subtitle_above sc_item_title_style_default sc_item_subtitle_with_custom_color trx_addons_inline_402142024\">SUIVEZ NOUS:<\/span><\/div>\t\t\t\t<\/div>\n\t\t\t\t<\/div>\n\t\t\t\t\t<\/div>\n\t\t<\/div>\n\t\t\t\t\t<\/div>\n\t\t<\/section>\n\t\t\t\t<section class=\"elementor-section elementor-top-section elementor-element elementor-element-9eafbbc elementor-section-boxed elementor-section-height-default elementor-section-height-default sc_fly_static\" data-id=\"9eafbbc\" data-element_type=\"section\" data-e-type=\"section\">\n\t\t\t\t\t\t<div class=\"elementor-container elementor-column-gap-extended\">\n\t\t\t\t\t<div class=\"elementor-column elementor-col-100 elementor-top-column elementor-element elementor-element-b221f19 sc_content_align_inherit sc_layouts_column_icons_position_left sc_fly_static\" data-id=\"b221f19\" data-element_type=\"column\" data-e-type=\"column\">\n\t\t\t<div class=\"elementor-widget-wrap elementor-element-populated\">\n\t\t\t\t\t\t<div class=\"elementor-element elementor-element-a4f5120 sc_fly_static elementor-widget elementor-widget-trx_sc_socials\" data-id=\"a4f5120\" data-element_type=\"widget\" data-e-type=\"widget\" data-widget_type=\"trx_sc_socials.default\">\n\t\t\t\t<div class=\"elementor-widget-container\">\n\t\t\t\t\t<div  \n\t\tclass=\"sc_socials sc_socials_default sc_align_none\" ><div class=\"socials_wrap sc_item_content\"><a target=\"_blank\" rel=\"nofollow\" href=\"https:\/\/www.facebook.com\/curlingcanada\" class=\"social_item social_item_style_icons sc_icon_type_icons social_item_type_icons\"><span class=\"social_icon social_icon_facebook-1\" style=\"\"><span class=\"screen-reader-text\">facebook-1<\/span><span class=\"icon-facebook-1\"><\/span><\/span><\/a><a target=\"_blank\" rel=\"nofollow\" href=\"https:\/\/x.com\/curlingcanada\" class=\"social_item social_item_style_icons sc_icon_type_icons social_item_type_icons\"><span class=\"social_icon social_icon_twitter-x\" style=\"\"><span class=\"screen-reader-text\">twitter-x<\/span><span class=\"trx_addons_icon-twitter-x\"><\/span><\/span><\/a><a target=\"_blank\" rel=\"nofollow\" href=\"https:\/\/www.instagram.com\/curlingcanada\" class=\"social_item social_item_style_icons sc_icon_type_icons social_item_type_icons\"><span class=\"social_icon social_icon_instagram\" style=\"\"><span class=\"screen-reader-text\">instagram<\/span><span class=\"icon-instagram\"><\/span><\/span><\/a><a target=\"_blank\" rel=\"nofollow\" href=\"https:\/\/www.youtube.com\/curlingcanada\" class=\"social_item social_item_style_icons sc_icon_type_icons social_item_type_icons\"><span class=\"social_icon social_icon_youtube\" style=\"\"><span class=\"screen-reader-text\">youtube<\/span><span class=\"icon-youtube\"><\/span><\/span><\/a><a target=\"_blank\" rel=\"nofollow\" href=\"https:\/\/www.linkedin.com\/company\/curlingcanada\/\" class=\"social_item social_item_style_icons sc_icon_type_icons social_item_type_icons\"><span class=\"social_icon social_icon_linkedin\" style=\"\"><span class=\"screen-reader-text\">linkedin<\/span><span class=\"icon-linkedin\"><\/span><\/span><\/a><a target=\"_blank\" rel=\"nofollow\" href=\"https:\/\/www.tiktok.com\/@curlingcanada\" class=\"social_item social_item_style_icons sc_icon_type_icons social_item_type_icons\"><span class=\"social_icon social_icon_tik-tok\" style=\"\"><span class=\"screen-reader-text\">tik-tok<\/span><span class=\"trx_addons_icon-tik-tok\"><\/span><\/span><\/a><\/div><\/div>\t\t\t\t<\/div>\n\t\t\t\t<\/div>\n\t\t\t\t<div class=\"elementor-element elementor-element-67be5f6 sc_fly_static elementor-widget elementor-widget-spacer\" data-id=\"67be5f6\" data-element_type=\"widget\" data-e-type=\"widget\" data-widget_type=\"spacer.default\">\n\t\t\t\t<div class=\"elementor-widget-container\">\n\t\t\t\t\t\t\t<div class=\"elementor-spacer\">\n\t\t\t<div class=\"elementor-spacer-inner\"><\/div>\n\t\t<\/div>\n\t\t\t\t\t\t<\/div>\n\t\t\t\t<\/div>\n\t\t\t\t\t<\/div>\n\t\t<\/div>\n\t\t\t\t\t<\/div>\n\t\t<\/section>\n\t\t\t\t<section class=\"elementor-section elementor-top-section elementor-element elementor-element-007e646 elementor-section-boxed elementor-section-height-default elementor-section-height-default sc_fly_static\" data-id=\"007e646\" data-element_type=\"section\" data-e-type=\"section\">\n\t\t\t\t\t\t<div class=\"elementor-container elementor-column-gap-extended\">\n\t\t\t\t\t<div class=\"elementor-column elementor-col-100 elementor-top-column elementor-element elementor-element-8311dff sc_content_align_inherit sc_layouts_column_icons_position_left sc_fly_static\" data-id=\"8311dff\" data-element_type=\"column\" data-e-type=\"column\">\n\t\t\t<div class=\"elementor-widget-wrap elementor-element-populated\">\n\t\t\t\t\t\t<div class=\"elementor-element elementor-element-86dd81d sc_fly_static elementor-widget elementor-widget-trx_sc_title\" data-id=\"86dd81d\" data-element_type=\"widget\" data-e-type=\"widget\" data-widget_type=\"trx_sc_title.default\">\n\t\t\t\t<div class=\"elementor-widget-container\">\n\t\t\t\t\t<div\t\tclass=\"sc_title sc_title_default\" ><span class=\"sc_item_subtitle sc_title_subtitle sc_item_subtitle_above sc_item_title_style_default sc_item_subtitle_with_custom_color trx_addons_inline_1095659709\">NOUVELLES:<\/span><\/div>\t\t\t\t<\/div>\n\t\t\t\t<\/div>\n\t\t\t\t<div class=\"elementor-element elementor-element-2a44240 sc_fly_static elementor-widget elementor-widget-shortcode\" data-id=\"2a44240\" data-element_type=\"widget\" data-e-type=\"widget\" data-widget_type=\"shortcode.default\">\n\t\t\t\t<div class=\"elementor-widget-container\">\n\t\t\t\t\t\t\t<div class=\"elementor-shortcode\"><style type='text\/css' media='all'>#rt-tpg-container-1662774128 .rt-holder .rt-woo-info .price{color:#ed1940;}body .rt-tpg-container .rt-tpg-isotope-buttons .selected,\n\t\t\t\t\t#rt-tpg-container-1662774128 .layout12 .rt-holder:hover .rt-detail,\n\t\t\t\t\t#rt-tpg-container-1662774128 .isotope8 .rt-holder:hover .rt-detail,\n\t\t\t\t\t#rt-tpg-container-1662774128 .carousel8 .rt-holder:hover .rt-detail,\n\t\t\t\t\t#rt-tpg-container-1662774128 .layout13 .rt-holder .overlay .post-info,\n\t\t\t\t\t#rt-tpg-container-1662774128 .isotope9 .rt-holder .overlay .post-info,\n\t\t\t\t\t#rt-tpg-container-1662774128.rt-tpg-container .layout4 .rt-holder .rt-detail,\n\t\t\t\t\t.rt-modal-1662774128 .md-content,\n\t\t\t\t\t.rt-modal-1662774128 .md-content > .rt-md-content-holder .rt-md-content,\n\t\t\t\t\t.rt-popup-wrap-1662774128.rt-popup-wrap .rt-popup-navigation-wrap,\n\t\t\t\t\t#rt-tpg-container-1662774128 .carousel9 .rt-holder .overlay .post-info{background-color:#ed1940;}#rt-tpg-container-1662774128 .layout5 .rt-holder .overlay, #rt-tpg-container-1662774128 .isotope2 .rt-holder .overlay, #rt-tpg-container-1662774128 .carousel2 .rt-holder .overlay,#rt-tpg-container-1662774128 .layout15 .rt-holder h3, #rt-tpg-container-1662774128 .isotope11 .rt-holder h3, #rt-tpg-container-1662774128 .carousel11 .rt-holder h3, #rt-tpg-container-1662774128 .layout16 .rt-holder h3,\n\t\t\t\t\t#rt-tpg-container-1662774128 .isotope12 .rt-holder h3, #rt-tpg-container-1662774128 .carousel12 .rt-holder h3 {background-color:rgba(237,25,64,0.1);}#rt-tpg-container-1662774128 .pagination-list li a,\n\t\t\t\t\trt-tpg-container-1662774128 .pagination-list li span,\n\t\t\t\t\trt-tpg-container-1662774128 .pagination li a,\n\t\t\t\t\t#rt-tpg-container-1662774128 .rt-tpg-isotope-buttons button,\n\t\t\t\t\t#rt-tpg-container-1662774128 .rt-tpg-utility .rt-tpg-load-more button,\n\t\t\t\t\t#rt-tpg-container-1662774128.rt-tpg-container .swiper-navigation .slider-btn,\n\t\t\t\t\t#rt-tpg-container-1662774128.rt-tpg-container .swiper-pagination-bullet,\n\t\t\t\t\t#rt-tpg-container-1662774128 .wc1 .rt-holder .rt-img-holder .overlay .product-more ul li a,\n\t\t\t\t\t#rt-tpg-container-1662774128 .wc2 .rt-detail .rt-wc-add-to-cart,\n\t\t\t\t\t#rt-tpg-container-1662774128 .wc3 .rt-detail .rt-wc-add-to-cart,\n\t\t\t\t\t#rt-tpg-container-1662774128 .wc4 .rt-detail .rt-wc-add-to-cart,\n\t\t\t\t\t#rt-tpg-container-1662774128 .wc-carousel2 .rt-detail .rt-wc-add-to-cart,\n\t\t\t\t\t#rt-tpg-container-1662774128 .wc-isotope2 .rt-detail .rt-wc-add-to-cart,\n\t\t\t\t\t#rt-tpg-container-1662774128 .rt-layout-filter-container .rt-filter-wrap .rt-filter-item-wrap.rt-filter-dropdown-wrap .rt-filter-dropdown,\n\t\t\t\t\t#rt-tpg-container-1662774128 .rt-layout-filter-container .rt-filter-sub-tax.sub-button-group .rt-filter-button-item,\n\t\t\t\t\t#rt-tpg-container-1662774128.rt-tpg-container .rt-pagination-wrap .rt-page-numbers .paginationjs .paginationjs-pages ul li>a,\n\t\t\t\t\t#rt-tpg-container-1662774128 .rt-filter-item-wrap.rt-filter-button-wrap span.rt-filter-button-item,\n\t\t\t\t\t#rt-tpg-container-1662774128.rt-tpg-container .rt-pagination-wrap  .rt-loadmore-btn,\n\t\t\t\t\t#rt-tpg-container-1662774128.rt-tpg-container .rt-pagination-wrap .rt-cb-page-prev-next > *,\n\t\t\t\t\t#rt-tpg-container-1662774128 .rt-read-more,\n\t\t\t\t\t#rt-tooltip-1662774128, #rt-tooltip-1662774128 .rt-tooltip-bottom:after{background-color:#ed1940;}#rt-tpg-container-1662774128 .rt-filter-item-wrap.rt-filter-button-wrap span.rt-filter-button-item,\n\t\t\t\t\t#rt-tpg-container-1662774128 .rt-layout-filter-container .rt-filter-sub-tax.sub-button-group .rt-filter-button-item{border-color:#ed1940;}#rt-tpg-container-1662774128.rt-tpg-container .layout17 .rt-holder .overlay a.tpg-zoom .fa{color:#ed1940;}#rt-tpg-container-1662774128 .rt-holder .read-more a {background-color:#ed1940;padding: 8px 15px;}#rt-tpg-container-1662774128 .pagination-list li a:hover,\n\t\t\t\t\t#rt-tpg-container-1662774128 .pagination li a:hover,\n\t\t\t\t\t#rt-tpg-container-1662774128 .rt-tpg-isotope-buttons button:hover,\n\t\t\t\t\t#rt-tpg-container-1662774128 .rt-holder .read-more a:hover,\n\t\t\t\t\t#rt-tpg-container-1662774128 .rt-tpg-utility .rt-tpg-load-more button:hover,\n\t\t\t\t\t#rt-tpg-container-1662774128.rt-tpg-container .swiper-pagination-bullet:hover,\n\t\t\t\t\t#rt-tpg-container-1662774128.rt-tpg-container .swiper-navigation .slider-btn:hover,\n\t\t\t\t\t#rt-tpg-container-1662774128 .wc1 .rt-holder .rt-img-holder .overlay .product-more ul li a:hover,\n\t\t\t\t\t#rt-tpg-container-1662774128 .wc2 .rt-detail .rt-wc-add-to-cart:hover,\n\t\t\t\t\t#rt-tpg-container-1662774128 .wc3 .rt-detail .rt-wc-add-to-cart:hover,\n\t\t\t\t\t#rt-tpg-container-1662774128 .wc4 .rt-detail .rt-wc-add-to-cart:hover,\n\t\t\t\t\t#rt-tpg-container-1662774128 .wc-carousel2 .rt-detail .rt-wc-add-to-cart:hover,\n\t\t\t\t\t#rt-tpg-container-1662774128 .wc-isotope2 .rt-detail .rt-wc-add-to-cart:hover,\n\t\t\t\t\t#rt-tpg-container-1662774128 .rt-layout-filter-container .rt-filter-wrap .rt-filter-item-wrap.rt-filter-dropdown-wrap .rt-filter-dropdown .rt-filter-dropdown-item:hover,\n\t\t\t\t\t#rt-tpg-container-1662774128 .rt-layout-filter-container .rt-filter-wrap .rt-filter-item-wrap.rt-filter-dropdown-wrap .rt-filter-dropdown .rt-filter-dropdown-item.selected,\n\t\t\t\t\t#rt-tpg-container-1662774128 .rt-filter-item-wrap.rt-filter-button-wrap span.rt-filter-button-item:hover,\n\t\t\t\t\t#rt-tpg-container-1662774128 .rt-layout-filter-container .rt-filter-sub-tax.sub-button-group .rt-filter-button-item:hover,\n\t\t\t\t\t#rt-tpg-container-1662774128.rt-tpg-container .rt-pagination-wrap .rt-page-numbers .paginationjs .paginationjs-pages ul li>a:hover,\n\t\t\t\t\t#rt-tpg-container-1662774128.rt-tpg-container .rt-pagination-wrap .rt-cb-page-prev-next > *:hover,\n\t\t\t\t\t#rt-tpg-container-1662774128.rt-tpg-container .rt-pagination-wrap  .rt-loadmore-btn:hover,\n\t\t\t\t\t#rt-tpg-container-1662774128 .rt-read-more:hover,\n\t\t\t\t\t#rt-tpg-container-1662774128 .rt-tpg-utility .rt-tpg-load-more button:hover{background-color:#405566;}#rt-tpg-container-1662774128 .rt-filter-item-wrap.rt-filter-button-wrap span.rt-filter-button-item:hover,\n\t\t\t\t\t\t#rt-tpg-container-1662774128 .rt-layout-filter-container .rt-filter-sub-tax.sub-button-group .rt-filter-button-item:hover,\n\t\t\t\t\t\t#rt-tpg-container-1662774128.rt-tpg-container .swiper-navigation .slider-btn:hover,\n\t\t\t\t\t\t#rt-tpg-container-1662774128.rt-tpg-container .rt-pagination-wrap .rt-page-numbers .paginationjs .paginationjs-pages ul li>a:hover{border-color:#405566;}#rt-tpg-container-1662774128.rt-tpg-container .layout17 .rt-holder .overlay a.tpg-zoom:hover .fa{color:#405566;}#rt-tpg-container-1662774128 .pagination-list li a,\n\t\t\t\t\t#rt-tpg-container-1662774128 .pagination li a,\n\t\t\t\t\t#rt-tpg-container-1662774128 .rt-tpg-isotope-buttons button,\n\t\t\t\t\t#rt-tpg-container-1662774128 .rt-holder .read-more a,\n\t\t\t\t\t#rt-tpg-container-1662774128 .rt-tpg-utility .rt-tpg-load-more button,\n\t\t\t\t\t#rt-tpg-container-1662774128.rt-tpg-container .swiper-navigation .slider-btn,\n\t\t\t\t\t#rt-tpg-container-1662774128 .wc1 .rt-holder .rt-img-holder .overlay .product-more ul li a,\n\t\t\t\t\t#rt-tpg-container-1662774128 .edd1 .rt-holder .rt-img-holder .overlay .product-more ul li a,\n\t\t\t\t\t#rt-tpg-container-1662774128 .wc2 .rt-detail .rt-wc-add-to-cart,\n\t\t\t\t\t#rt-tpg-container-1662774128 .wc3 .rt-detail .rt-wc-add-to-cart,\n\t\t\t\t\t#rt-tpg-container-1662774128 .edd2 .rt-detail .rt-wc-add-to-cart,\n\t\t\t\t\t#rt-tpg-container-1662774128 .wc4 .rt-detail .rt-wc-add-to-cart,\n\t\t\t\t\t#rt-tpg-container-1662774128 .edd3 .rt-detail .rt-wc-add-to-cart,\n\t\t\t\t\t#rt-tpg-container-1662774128 .wc-carousel2 .rt-detail .rt-wc-add-to-cart,\n\t\t\t\t\t#rt-tpg-container-1662774128 .wc-isotope2 .rt-detail .rt-wc-add-to-cart,\n\t\t\t\t\t#rt-tpg-container-1662774128 .rt-tpg-utility .rt-tpg-load-more button,\n\t\t\t\t\t#rt-tooltip-1662774128,\n\t\t\t\t\t#rt-tpg-container-1662774128 .rt-filter-item-wrap.rt-filter-button-wrap span.rt-filter-button-item,\n\t\t\t\t\t#rt-tpg-container-1662774128 .rt-layout-filter-container .rt-filter-sub-tax.sub-button-group .rt-filter-button-item,\n\t\t\t\t\t#rt-tpg-container-1662774128 .rt-layout-filter-container .rt-filter-wrap .rt-filter-item-wrap.rt-sort-order-action,\n\t\t\t\t\t#rt-tpg-container-1662774128 .rt-layout-filter-container .rt-filter-wrap .rt-filter-item-wrap.rt-filter-dropdown-wrap .rt-filter-dropdown .rt-filter-dropdown-item,\n\t\t\t\t\t#rt-tpg-container-1662774128.rt-tpg-container .rt-pagination-wrap .rt-page-numbers .paginationjs .paginationjs-pages ul li>a,\n\t\t\t\t\t#rt-tpg-container-1662774128.rt-tpg-container .rt-pagination-wrap .rt-cb-page-prev-next > *,\n\t\t\t\t\t#rt-tpg-container-1662774128.rt-tpg-container .rt-pagination-wrap  .rt-loadmore-btn,\n\t\t\t\t\t#rt-tpg-container-1662774128 .rt-read-more,\n\t\t\t\t\t#rt-tooltip-1662774128 .rt-tooltip-bottom:after{color:#ffffff;}#rt-tpg-container-1662774128 .rt-post-overlay .post-img > a:first-of-type::after,#rt-tpg-container-1662774128 .rt-holder .overlay:hover{background-image: none;background-color:rgba(237,49,84,0.1);}#rt-tpg-container-1662774128 .read-more a{border-radius:px;}#rt-tpg-container-1662774128 .rt-img-holder img.rt-img-responsive,#rt-tpg-container-1662774128 .rt-img-holder,\n\t\t\t\t\t#rt-tpg-container-1662774128 .rt-post-overlay .post-img,\n\t\t\t\t\t#rt-tpg-container-1662774128 .post-sm .post-img,\n\t\t\t\t\t#rt-tpg-container-1662774128 .rt-post-grid .post-img,\n\t\t\t\t\t#rt-tpg-container-1662774128 .post-img img {border-radius:2px;}<\/style><div class='rt-container-fluid rt-tpg-container tpg-shortcode-main-wrapper ' id='rt-tpg-container-1662774128'   data-layout='layout1' data-grid-style='even' data-desktop-col='3'  data-tab-col='2'  data-mobile-col='1' data-sc-id='613332'><div data-title='Loading ...' class='rt-row rt-content-loader   layout1 tpg-even '><div class=\"rt-col-md-4 rt-col-sm-6 rt-col-xs-12 even-grid-item rt-grid-item\" data-id=\"633060\"><div class=\"rt-holder\"><div class=\"rt-img-holder\"><a data-id=\"633060\" class=\"\" href=\"https:\/\/www.curling.ca\/fr\/blog\/2026\/09\/01\/curling-canada-octroie-20-bourses-detudes-a-de-jeunes-curleurs-canadiens\/\"><img fetchpriority=\"high\" decoding=\"async\" width=\"410\" height=\"230\" src=\"https:\/\/www.curling.ca\/wp-content\/uploads\/2026\/08\/Scholarship-Press-Release-fr-2-410x230.jpg\" class=\"rt-img-responsive \" alt=\"\" \/><\/a><\/div><div class=\"rt-detail\"><h4 class=\"entry-title\"><a data-id=\"633060\" class=\"\" href=\"https:\/\/www.curling.ca\/fr\/blog\/2026\/09\/01\/curling-canada-octroie-20-bourses-detudes-a-de-jeunes-curleurs-canadiens\/\">Curling Canada octroie 20 bourses d&rsquo;\u00e9tudes \u00e0 de jeunes curleurs canadiens<\/a><\/h4><div class=\"post-meta-user  \"><span class=\"date\">1 septembre 2026<\/span><\/div><div class=\"post-meta \"><span class=\"read-more\"><a data-id=\"633060\" class=\"\" href=\"https:\/\/www.curling.ca\/fr\/blog\/2026\/09\/01\/curling-canada-octroie-20-bourses-detudes-a-de-jeunes-curleurs-canadiens\/\">Plus d\u2019infos<\/a><\/span><\/div><\/div><\/div><\/div><div class=\"rt-col-md-4 rt-col-sm-6 rt-col-xs-12 even-grid-item rt-grid-item\" data-id=\"633023\"><div class=\"rt-holder\"><div class=\"rt-img-holder\"><a data-id=\"633023\" class=\"\" href=\"https:\/\/www.curling.ca\/fr\/blog\/2026\/08\/25\/cinnamon-et-tao-remportent-le-double-mixte-a-la-classique-u-25-a-edmonton\/\"><img decoding=\"async\" width=\"410\" height=\"230\" src=\"https:\/\/www.curling.ca\/wp-content\/uploads\/2026\/08\/89ec8c77-15b2-46ad-b6a1-c3a3acc6de20-410x230.jpeg\" class=\"rt-img-responsive \" alt=\"\" \/><\/a><\/div><div class=\"rt-detail\"><h4 class=\"entry-title\"><a data-id=\"633023\" class=\"\" href=\"https:\/\/www.curling.ca\/fr\/blog\/2026\/08\/25\/cinnamon-et-tao-remportent-le-double-mixte-a-la-classique-u-25-a-edmonton\/\">CINNAMON ET TAO REMPORTENT LE DOUBLE MIXTE \u00c0 LA CLASSIQUE U-25 \u00c0 EDMONTON<\/a><\/h4><div class=\"post-meta-user  \"><span class=\"date\">25 ao\u00fbt 2026<\/span><\/div><div class=\"post-meta \"><span class=\"read-more\"><a data-id=\"633023\" class=\"\" href=\"https:\/\/www.curling.ca\/fr\/blog\/2026\/08\/25\/cinnamon-et-tao-remportent-le-double-mixte-a-la-classique-u-25-a-edmonton\/\">Plus d\u2019infos<\/a><\/span><\/div><\/div><\/div><\/div><div class=\"rt-col-md-4 rt-col-sm-6 rt-col-xs-12 even-grid-item rt-grid-item\" data-id=\"632973\"><div class=\"rt-holder\"><div class=\"rt-img-holder\"><a data-id=\"632973\" class=\"\" href=\"https:\/\/www.curling.ca\/fr\/blog\/2026\/08\/25\/harmoniser-la-formation-des-techniciens-de-glace-partout-au-canada\/\"><img decoding=\"async\" width=\"410\" height=\"230\" src=\"https:\/\/www.curling.ca\/wp-content\/uploads\/2026\/08\/Z62_5341-resize-1-410x230.jpg\" class=\"rt-img-responsive \" alt=\"\" \/><\/a><\/div><div class=\"rt-detail\"><h4 class=\"entry-title\"><a data-id=\"632973\" class=\"\" href=\"https:\/\/www.curling.ca\/fr\/blog\/2026\/08\/25\/harmoniser-la-formation-des-techniciens-de-glace-partout-au-canada\/\">Harmoniser la formation des techniciens de glace partout au Canada<\/a><\/h4><div class=\"post-meta-user  \"><span class=\"date\">25 ao\u00fbt 2026<\/span><\/div><div class=\"post-meta \"><span class=\"read-more\"><a data-id=\"632973\" class=\"\" href=\"https:\/\/www.curling.ca\/fr\/blog\/2026\/08\/25\/harmoniser-la-formation-des-techniciens-de-glace-partout-au-canada\/\">Plus d\u2019infos<\/a><\/span><\/div><\/div><\/div><\/div><\/div><\/div><\/div>\n\t\t\t\t\t\t<\/div>\n\t\t\t\t<\/div>\n\t\t\t\t\t<\/div>\n\t\t<\/div>\n\t\t\t\t\t<\/div>\n\t\t<\/section>\n\t\t\t\t<\/div>\n\t\t","protected":false},"excerpt":{"rendered":"<p>Partagez: TwitterFacebookShare-emailCopy URL to clipboard Alors qu\u2019un championnat du monde de double mixte se termine samedi en Suisse, un autre s\u2019appr\u00eate \u00e0 prendre son envol, mardi, \u00e0 Edmonton. Pour la&hellip;<\/p>\n","protected":false},"author":9,"featured_media":627447,"comment_status":"closed","ping_status":"closed","sticky":false,"template":"","format":"standard","meta":{"footnotes":""},"categories":[4780,2670],"tags":[5652,5025,5734,5735,5625,5653,5026],"class_list":["post-629386","post","type-post","status-publish","format-standard","has-post-thumbnail","hentry","category-nos-nouvelles-nos-championnatstous-les-articles","category-tous-les-articles","tag-brooklyn-ideson","tag-edmonton-fr","tag-laura-walker","tag-mark-ideson","tag-mixed-doubles","tag-owen-henry","tag-saville-centre-fr"],"yoast_head":"<!-- This site is optimized with the Yoast SEO plugin v28.4 - https:\/\/yoast.com\/product\/yoast-seo-wordpress\/ -->\n<title>Ideson et Henry Repr\u00e9senteront le Canada lors du Retour du Mondial Junior de Double Mixte \u00e0 Edmonton - Curling Canada<\/title>\n<meta name=\"robots\" content=\"index, follow, max-snippet:-1, max-image-preview:large, max-video-preview:-1\" \/>\n<link rel=\"canonical\" href=\"https:\/\/www.curling.ca\/fr\/blog\/2026\/05\/02\/ideson-et-henry-representeront-le-canada-lors-du-retour-du-mondial-junior-de-double-mixte-a-edmonton\/\" \/>\n<meta property=\"og:locale\" content=\"fr_FR\" \/>\n<meta property=\"og:type\" content=\"article\" \/>\n<meta property=\"og:title\" content=\"Ideson et Henry Repr\u00e9senteront le Canada lors du Retour du Mondial Junior de Double Mixte \u00e0 Edmonton - Curling Canada\" \/>\n<meta property=\"og:description\" content=\"Partagez: TwitterFacebookShare-emailCopy URL to clipboard Alors qu\u2019un championnat du monde de double mixte se termine samedi en Suisse, un autre s\u2019appr\u00eate \u00e0 prendre son envol, mardi, \u00e0 Edmonton. Pour la&hellip;\" \/>\n<meta property=\"og:url\" content=\"https:\/\/www.curling.ca\/fr\/blog\/2026\/05\/02\/ideson-et-henry-representeront-le-canada-lors-du-retour-du-mondial-junior-de-double-mixte-a-edmonton\/\" \/>\n<meta property=\"og:site_name\" content=\"Curling Canada\" \/>\n<meta property=\"article:publisher\" content=\"https:\/\/www.facebook.com\/curlingcanada\" \/>\n<meta property=\"article:published_time\" content=\"2026-05-02T14:42:53+00:00\" \/>\n<meta property=\"article:modified_time\" content=\"2026-05-02T14:47:13+00:00\" \/>\n<meta property=\"og:image\" content=\"https:\/\/www.curling.ca\/wp-content\/uploads\/2026\/03\/mdfinal-1.jpg\" \/>\n\t<meta property=\"og:image:width\" content=\"2048\" \/>\n\t<meta property=\"og:image:height\" content=\"1536\" \/>\n\t<meta property=\"og:image:type\" content=\"image\/jpeg\" \/>\n<meta name=\"author\" content=\"Brian Chick\" \/>\n<meta name=\"twitter:card\" content=\"summary_large_image\" \/>\n<meta name=\"twitter:creator\" content=\"@curlingcanada\" \/>\n<meta name=\"twitter:site\" content=\"@curlingcanada\" \/>\n<meta name=\"twitter:label1\" content=\"\u00c9crit par\" \/>\n\t<meta name=\"twitter:data1\" content=\"Brian Chick\" \/>\n\t<meta name=\"twitter:label2\" content=\"Dur\u00e9e de lecture estim\u00e9e\" \/>\n\t<meta name=\"twitter:data2\" content=\"3 minutes\" \/>\n<script type=\"application\/ld+json\" class=\"yoast-schema-graph\">{\"@context\":\"https:\\\/\\\/schema.org\",\"@graph\":[{\"@type\":\"Article\",\"@id\":\"https:\\\/\\\/www.curling.ca\\\/fr\\\/blog\\\/2026\\\/05\\\/02\\\/ideson-et-henry-representeront-le-canada-lors-du-retour-du-mondial-junior-de-double-mixte-a-edmonton\\\/#article\",\"isPartOf\":{\"@id\":\"https:\\\/\\\/www.curling.ca\\\/fr\\\/blog\\\/2026\\\/05\\\/02\\\/ideson-et-henry-representeront-le-canada-lors-du-retour-du-mondial-junior-de-double-mixte-a-edmonton\\\/\"},\"author\":{\"name\":\"Brian Chick\",\"@id\":\"https:\\\/\\\/www.curling.ca\\\/#\\\/schema\\\/person\\\/8ea4bed27889ecca703abaf81153a1dd\"},\"headline\":\"Ideson et Henry Repr\u00e9senteront le Canada lors du Retour du Mondial Junior de Double Mixte \u00e0 Edmonton\",\"datePublished\":\"2026-05-02T14:42:53+00:00\",\"dateModified\":\"2026-05-02T14:47:13+00:00\",\"mainEntityOfPage\":{\"@id\":\"https:\\\/\\\/www.curling.ca\\\/fr\\\/blog\\\/2026\\\/05\\\/02\\\/ideson-et-henry-representeront-le-canada-lors-du-retour-du-mondial-junior-de-double-mixte-a-edmonton\\\/\"},\"wordCount\":602,\"publisher\":{\"@id\":\"https:\\\/\\\/www.curling.ca\\\/#organization\"},\"image\":{\"@id\":\"https:\\\/\\\/www.curling.ca\\\/fr\\\/blog\\\/2026\\\/05\\\/02\\\/ideson-et-henry-representeront-le-canada-lors-du-retour-du-mondial-junior-de-double-mixte-a-edmonton\\\/#primaryimage\"},\"thumbnailUrl\":\"https:\\\/\\\/www.curling.ca\\\/wp-content\\\/uploads\\\/2026\\\/03\\\/mdfinal-1.jpg\",\"keywords\":[\"Brooklyn Ideson\",\"Edmonton\",\"Laura Walker\",\"Mark Ideson\",\"mixed doubles\",\"owen henry\",\"Saville Centre\"],\"articleSection\":[\"Nos nouvelles\",\"Tous les articles\"],\"inLanguage\":\"fr-FR\"},{\"@type\":\"WebPage\",\"@id\":\"https:\\\/\\\/www.curling.ca\\\/fr\\\/blog\\\/2026\\\/05\\\/02\\\/ideson-et-henry-representeront-le-canada-lors-du-retour-du-mondial-junior-de-double-mixte-a-edmonton\\\/\",\"url\":\"https:\\\/\\\/www.curling.ca\\\/fr\\\/blog\\\/2026\\\/05\\\/02\\\/ideson-et-henry-representeront-le-canada-lors-du-retour-du-mondial-junior-de-double-mixte-a-edmonton\\\/\",\"name\":\"Ideson et Henry Repr\u00e9senteront le Canada lors du Retour du Mondial Junior de Double Mixte \u00e0 Edmonton - Curling Canada\",\"isPartOf\":{\"@id\":\"https:\\\/\\\/www.curling.ca\\\/#website\"},\"primaryImageOfPage\":{\"@id\":\"https:\\\/\\\/www.curling.ca\\\/fr\\\/blog\\\/2026\\\/05\\\/02\\\/ideson-et-henry-representeront-le-canada-lors-du-retour-du-mondial-junior-de-double-mixte-a-edmonton\\\/#primaryimage\"},\"image\":{\"@id\":\"https:\\\/\\\/www.curling.ca\\\/fr\\\/blog\\\/2026\\\/05\\\/02\\\/ideson-et-henry-representeront-le-canada-lors-du-retour-du-mondial-junior-de-double-mixte-a-edmonton\\\/#primaryimage\"},\"thumbnailUrl\":\"https:\\\/\\\/www.curling.ca\\\/wp-content\\\/uploads\\\/2026\\\/03\\\/mdfinal-1.jpg\",\"datePublished\":\"2026-05-02T14:42:53+00:00\",\"dateModified\":\"2026-05-02T14:47:13+00:00\",\"breadcrumb\":{\"@id\":\"https:\\\/\\\/www.curling.ca\\\/fr\\\/blog\\\/2026\\\/05\\\/02\\\/ideson-et-henry-representeront-le-canada-lors-du-retour-du-mondial-junior-de-double-mixte-a-edmonton\\\/#breadcrumb\"},\"inLanguage\":\"fr-FR\",\"potentialAction\":[{\"@type\":\"ReadAction\",\"target\":[\"https:\\\/\\\/www.curling.ca\\\/fr\\\/blog\\\/2026\\\/05\\\/02\\\/ideson-et-henry-representeront-le-canada-lors-du-retour-du-mondial-junior-de-double-mixte-a-edmonton\\\/\"]}]},{\"@type\":\"ImageObject\",\"inLanguage\":\"fr-FR\",\"@id\":\"https:\\\/\\\/www.curling.ca\\\/fr\\\/blog\\\/2026\\\/05\\\/02\\\/ideson-et-henry-representeront-le-canada-lors-du-retour-du-mondial-junior-de-double-mixte-a-edmonton\\\/#primaryimage\",\"url\":\"https:\\\/\\\/www.curling.ca\\\/wp-content\\\/uploads\\\/2026\\\/03\\\/mdfinal-1.jpg\",\"contentUrl\":\"https:\\\/\\\/www.curling.ca\\\/wp-content\\\/uploads\\\/2026\\\/03\\\/mdfinal-1.jpg\",\"width\":2048,\"height\":1536,\"caption\":\"Brooklyn Ideson, Owen Henry, et Mark Ideson (Photo - Curling Canada)\"},{\"@type\":\"BreadcrumbList\",\"@id\":\"https:\\\/\\\/www.curling.ca\\\/fr\\\/blog\\\/2026\\\/05\\\/02\\\/ideson-et-henry-representeront-le-canada-lors-du-retour-du-mondial-junior-de-double-mixte-a-edmonton\\\/#breadcrumb\",\"itemListElement\":[{\"@type\":\"ListItem\",\"position\":1,\"name\":\"Home\",\"item\":\"https:\\\/\\\/www.curling.ca\\\/\"},{\"@type\":\"ListItem\",\"position\":2,\"name\":\"Ideson et Henry Repr\u00e9senteront le Canada lors du Retour du Mondial Junior de Double Mixte \u00e0 Edmonton\"}]},{\"@type\":\"WebSite\",\"@id\":\"https:\\\/\\\/www.curling.ca\\\/#website\",\"url\":\"https:\\\/\\\/www.curling.ca\\\/\",\"name\":\"Curling Canada\",\"description\":\"The home of curling in Canada.\",\"publisher\":{\"@id\":\"https:\\\/\\\/www.curling.ca\\\/#organization\"},\"potentialAction\":[{\"@type\":\"SearchAction\",\"target\":{\"@type\":\"EntryPoint\",\"urlTemplate\":\"https:\\\/\\\/www.curling.ca\\\/?s={search_term_string}\"},\"query-input\":{\"@type\":\"PropertyValueSpecification\",\"valueRequired\":true,\"valueName\":\"search_term_string\"}}],\"inLanguage\":\"fr-FR\"},{\"@type\":\"Organization\",\"@id\":\"https:\\\/\\\/www.curling.ca\\\/#organization\",\"name\":\"Curling Canada\",\"url\":\"https:\\\/\\\/www.curling.ca\\\/\",\"logo\":{\"@type\":\"ImageObject\",\"inLanguage\":\"fr-FR\",\"@id\":\"https:\\\/\\\/www.curling.ca\\\/#\\\/schema\\\/logo\\\/image\\\/\",\"url\":\"https:\\\/\\\/www.curling.ca\\\/wp-content\\\/uploads\\\/2023\\\/08\\\/main-white-1.png\",\"contentUrl\":\"https:\\\/\\\/www.curling.ca\\\/wp-content\\\/uploads\\\/2023\\\/08\\\/main-white-1.png\",\"width\":74,\"height\":116,\"caption\":\"Curling Canada\"},\"image\":{\"@id\":\"https:\\\/\\\/www.curling.ca\\\/#\\\/schema\\\/logo\\\/image\\\/\"},\"sameAs\":[\"https:\\\/\\\/www.facebook.com\\\/curlingcanada\",\"https:\\\/\\\/x.com\\\/curlingcanada\",\"https:\\\/\\\/www.instagram.com\\\/curlingcanada\",\"https:\\\/\\\/www.youtube.com\\\/curlingcanada\"]},{\"@type\":\"Person\",\"@id\":\"https:\\\/\\\/www.curling.ca\\\/#\\\/schema\\\/person\\\/8ea4bed27889ecca703abaf81153a1dd\",\"name\":\"Brian Chick\",\"image\":{\"@type\":\"ImageObject\",\"inLanguage\":\"fr-FR\",\"@id\":\"https:\\\/\\\/secure.gravatar.com\\\/avatar\\\/362c61b7869eec31310a80ea43d23cac3c87bcad916a85a2995de1b1308850bb?s=96&d=mm&r=g\",\"url\":\"https:\\\/\\\/secure.gravatar.com\\\/avatar\\\/362c61b7869eec31310a80ea43d23cac3c87bcad916a85a2995de1b1308850bb?s=96&d=mm&r=g\",\"contentUrl\":\"https:\\\/\\\/secure.gravatar.com\\\/avatar\\\/362c61b7869eec31310a80ea43d23cac3c87bcad916a85a2995de1b1308850bb?s=96&d=mm&r=g\",\"caption\":\"Brian Chick\"},\"url\":\"https:\\\/\\\/www.curling.ca\\\/fr\\\/blog\\\/author\\\/admin-brian\\\/\"}]}<\/script>\n<!-- \/ Yoast SEO plugin. -->","yoast_head_json":{"title":"Ideson et Henry Repr\u00e9senteront le Canada lors du Retour du Mondial Junior de Double Mixte \u00e0 Edmonton - Curling Canada","robots":{"index":"index","follow":"follow","max-snippet":"max-snippet:-1","max-image-preview":"max-image-preview:large","max-video-preview":"max-video-preview:-1"},"canonical":"https:\/\/www.curling.ca\/fr\/blog\/2026\/05\/02\/ideson-et-henry-representeront-le-canada-lors-du-retour-du-mondial-junior-de-double-mixte-a-edmonton\/","og_locale":"fr_FR","og_type":"article","og_title":"Ideson et Henry Repr\u00e9senteront le Canada lors du Retour du Mondial Junior de Double Mixte \u00e0 Edmonton - Curling Canada","og_description":"Partagez: TwitterFacebookShare-emailCopy URL to clipboard Alors qu\u2019un championnat du monde de double mixte se termine samedi en Suisse, un autre s\u2019appr\u00eate \u00e0 prendre son envol, mardi, \u00e0 Edmonton. Pour la&hellip;","og_url":"https:\/\/www.curling.ca\/fr\/blog\/2026\/05\/02\/ideson-et-henry-representeront-le-canada-lors-du-retour-du-mondial-junior-de-double-mixte-a-edmonton\/","og_site_name":"Curling Canada","article_publisher":"https:\/\/www.facebook.com\/curlingcanada","article_published_time":"2026-05-02T14:42:53+00:00","article_modified_time":"2026-05-02T14:47:13+00:00","og_image":[{"width":2048,"height":1536,"url":"https:\/\/www.curling.ca\/wp-content\/uploads\/2026\/03\/mdfinal-1.jpg","type":"image\/jpeg"}],"author":"Brian Chick","twitter_card":"summary_large_image","twitter_creator":"@curlingcanada","twitter_site":"@curlingcanada","twitter_misc":{"\u00c9crit par":"Brian Chick","Dur\u00e9e de lecture estim\u00e9e":"3 minutes"},"schema":{"@context":"https:\/\/schema.org","@graph":[{"@type":"Article","@id":"https:\/\/www.curling.ca\/fr\/blog\/2026\/05\/02\/ideson-et-henry-representeront-le-canada-lors-du-retour-du-mondial-junior-de-double-mixte-a-edmonton\/#article","isPartOf":{"@id":"https:\/\/www.curling.ca\/fr\/blog\/2026\/05\/02\/ideson-et-henry-representeront-le-canada-lors-du-retour-du-mondial-junior-de-double-mixte-a-edmonton\/"},"author":{"name":"Brian Chick","@id":"https:\/\/www.curling.ca\/#\/schema\/person\/8ea4bed27889ecca703abaf81153a1dd"},"headline":"Ideson et Henry Repr\u00e9senteront le Canada lors du Retour du Mondial Junior de Double Mixte \u00e0 Edmonton","datePublished":"2026-05-02T14:42:53+00:00","dateModified":"2026-05-02T14:47:13+00:00","mainEntityOfPage":{"@id":"https:\/\/www.curling.ca\/fr\/blog\/2026\/05\/02\/ideson-et-henry-representeront-le-canada-lors-du-retour-du-mondial-junior-de-double-mixte-a-edmonton\/"},"wordCount":602,"publisher":{"@id":"https:\/\/www.curling.ca\/#organization"},"image":{"@id":"https:\/\/www.curling.ca\/fr\/blog\/2026\/05\/02\/ideson-et-henry-representeront-le-canada-lors-du-retour-du-mondial-junior-de-double-mixte-a-edmonton\/#primaryimage"},"thumbnailUrl":"https:\/\/www.curling.ca\/wp-content\/uploads\/2026\/03\/mdfinal-1.jpg","keywords":["Brooklyn Ideson","Edmonton","Laura Walker","Mark Ideson","mixed doubles","owen henry","Saville Centre"],"articleSection":["Nos nouvelles","Tous les articles"],"inLanguage":"fr-FR"},{"@type":"WebPage","@id":"https:\/\/www.curling.ca\/fr\/blog\/2026\/05\/02\/ideson-et-henry-representeront-le-canada-lors-du-retour-du-mondial-junior-de-double-mixte-a-edmonton\/","url":"https:\/\/www.curling.ca\/fr\/blog\/2026\/05\/02\/ideson-et-henry-representeront-le-canada-lors-du-retour-du-mondial-junior-de-double-mixte-a-edmonton\/","name":"Ideson et Henry Repr\u00e9senteront le Canada lors du Retour du Mondial Junior de Double Mixte \u00e0 Edmonton - Curling Canada","isPartOf":{"@id":"https:\/\/www.curling.ca\/#website"},"primaryImageOfPage":{"@id":"https:\/\/www.curling.ca\/fr\/blog\/2026\/05\/02\/ideson-et-henry-representeront-le-canada-lors-du-retour-du-mondial-junior-de-double-mixte-a-edmonton\/#primaryimage"},"image":{"@id":"https:\/\/www.curling.ca\/fr\/blog\/2026\/05\/02\/ideson-et-henry-representeront-le-canada-lors-du-retour-du-mondial-junior-de-double-mixte-a-edmonton\/#primaryimage"},"thumbnailUrl":"https:\/\/www.curling.ca\/wp-content\/uploads\/2026\/03\/mdfinal-1.jpg","datePublished":"2026-05-02T14:42:53+00:00","dateModified":"2026-05-02T14:47:13+00:00","breadcrumb":{"@id":"https:\/\/www.curling.ca\/fr\/blog\/2026\/05\/02\/ideson-et-henry-representeront-le-canada-lors-du-retour-du-mondial-junior-de-double-mixte-a-edmonton\/#breadcrumb"},"inLanguage":"fr-FR","potentialAction":[{"@type":"ReadAction","target":["https:\/\/www.curling.ca\/fr\/blog\/2026\/05\/02\/ideson-et-henry-representeront-le-canada-lors-du-retour-du-mondial-junior-de-double-mixte-a-edmonton\/"]}]},{"@type":"ImageObject","inLanguage":"fr-FR","@id":"https:\/\/www.curling.ca\/fr\/blog\/2026\/05\/02\/ideson-et-henry-representeront-le-canada-lors-du-retour-du-mondial-junior-de-double-mixte-a-edmonton\/#primaryimage","url":"https:\/\/www.curling.ca\/wp-content\/uploads\/2026\/03\/mdfinal-1.jpg","contentUrl":"https:\/\/www.curling.ca\/wp-content\/uploads\/2026\/03\/mdfinal-1.jpg","width":2048,"height":1536,"caption":"Brooklyn Ideson, Owen Henry, et Mark Ideson (Photo - Curling Canada)"},{"@type":"BreadcrumbList","@id":"https:\/\/www.curling.ca\/fr\/blog\/2026\/05\/02\/ideson-et-henry-representeront-le-canada-lors-du-retour-du-mondial-junior-de-double-mixte-a-edmonton\/#breadcrumb","itemListElement":[{"@type":"ListItem","position":1,"name":"Home","item":"https:\/\/www.curling.ca\/"},{"@type":"ListItem","position":2,"name":"Ideson et Henry Repr\u00e9senteront le Canada lors du Retour du Mondial Junior de Double Mixte \u00e0 Edmonton"}]},{"@type":"WebSite","@id":"https:\/\/www.curling.ca\/#website","url":"https:\/\/www.curling.ca\/","name":"Curling Canada","description":"The home of curling in Canada.","publisher":{"@id":"https:\/\/www.curling.ca\/#organization"},"potentialAction":[{"@type":"SearchAction","target":{"@type":"EntryPoint","urlTemplate":"https:\/\/www.curling.ca\/?s={search_term_string}"},"query-input":{"@type":"PropertyValueSpecification","valueRequired":true,"valueName":"search_term_string"}}],"inLanguage":"fr-FR"},{"@type":"Organization","@id":"https:\/\/www.curling.ca\/#organization","name":"Curling Canada","url":"https:\/\/www.curling.ca\/","logo":{"@type":"ImageObject","inLanguage":"fr-FR","@id":"https:\/\/www.curling.ca\/#\/schema\/logo\/image\/","url":"https:\/\/www.curling.ca\/wp-content\/uploads\/2023\/08\/main-white-1.png","contentUrl":"https:\/\/www.curling.ca\/wp-content\/uploads\/2023\/08\/main-white-1.png","width":74,"height":116,"caption":"Curling Canada"},"image":{"@id":"https:\/\/www.curling.ca\/#\/schema\/logo\/image\/"},"sameAs":["https:\/\/www.facebook.com\/curlingcanada","https:\/\/x.com\/curlingcanada","https:\/\/www.instagram.com\/curlingcanada","https:\/\/www.youtube.com\/curlingcanada"]},{"@type":"Person","@id":"https:\/\/www.curling.ca\/#\/schema\/person\/8ea4bed27889ecca703abaf81153a1dd","name":"Brian Chick","image":{"@type":"ImageObject","inLanguage":"fr-FR","@id":"https:\/\/secure.gravatar.com\/avatar\/362c61b7869eec31310a80ea43d23cac3c87bcad916a85a2995de1b1308850bb?s=96&d=mm&r=g","url":"https:\/\/secure.gravatar.com\/avatar\/362c61b7869eec31310a80ea43d23cac3c87bcad916a85a2995de1b1308850bb?s=96&d=mm&r=g","contentUrl":"https:\/\/secure.gravatar.com\/avatar\/362c61b7869eec31310a80ea43d23cac3c87bcad916a85a2995de1b1308850bb?s=96&d=mm&r=g","caption":"Brian Chick"},"url":"https:\/\/www.curling.ca\/fr\/blog\/author\/admin-brian\/"}]}},"rttpg_featured_image_url":{"full":["https:\/\/www.curling.ca\/wp-content\/uploads\/2026\/03\/mdfinal-1.jpg",2048,1536,false],"landscape":["https:\/\/www.curling.ca\/wp-content\/uploads\/2026\/03\/mdfinal-1.jpg",2048,1536,false],"portraits":["https:\/\/www.curling.ca\/wp-content\/uploads\/2026\/03\/mdfinal-1.jpg",2048,1536,false],"thumbnail":["https:\/\/www.curling.ca\/wp-content\/uploads\/2026\/03\/mdfinal-1-150x150.jpg",150,150,true],"medium":["https:\/\/www.curling.ca\/wp-content\/uploads\/2026\/03\/mdfinal-1-300x225.jpg",300,225,true],"large":["https:\/\/www.curling.ca\/wp-content\/uploads\/2026\/03\/mdfinal-1-1024x768.jpg",1024,768,true],"1536x1536":["https:\/\/www.curling.ca\/wp-content\/uploads\/2026\/03\/mdfinal-1-1536x1152.jpg",1536,1152,true],"2048x2048":["https:\/\/www.curling.ca\/wp-content\/uploads\/2026\/03\/mdfinal-1.jpg",2048,1536,false],"post-thumbnail":["https:\/\/www.curling.ca\/wp-content\/uploads\/2026\/03\/mdfinal-1-370x278.jpg",370,278,true],"redy-thumb-huge":["https:\/\/www.curling.ca\/wp-content\/uploads\/2026\/03\/mdfinal-1-1290x725.jpg",1290,725,true],"redy-thumb-big":["https:\/\/www.curling.ca\/wp-content\/uploads\/2026\/03\/mdfinal-1-840x473.jpg",840,473,true],"redy-thumb-med":["https:\/\/www.curling.ca\/wp-content\/uploads\/2026\/03\/mdfinal-1-410x230.jpg",410,230,true],"redy-thumb-tiny":["https:\/\/www.curling.ca\/wp-content\/uploads\/2026\/03\/mdfinal-1-120x120.jpg",120,120,true],"redy-thumb-masonry-big":["https:\/\/www.curling.ca\/wp-content\/uploads\/2026\/03\/mdfinal-1-840x630.jpg",840,630,true],"redy-thumb-masonry":["https:\/\/www.curling.ca\/wp-content\/uploads\/2026\/03\/mdfinal-1-410x308.jpg",410,308,true],"redy-thumb-rectangle":["https:\/\/www.curling.ca\/wp-content\/uploads\/2026\/03\/mdfinal-1-570x696.jpg",570,696,true],"redy-thumb-medium-square":["https:\/\/www.curling.ca\/wp-content\/uploads\/2026\/03\/mdfinal-1-650x572.jpg",650,572,true],"redy-thumb-square":["https:\/\/www.curling.ca\/wp-content\/uploads\/2026\/03\/mdfinal-1-890x664.jpg",890,664,true],"trx_addons-thumb-small":["https:\/\/www.curling.ca\/wp-content\/uploads\/2026\/03\/mdfinal-1-270x152.jpg",270,152,true],"trx_addons-thumb-portrait":["https:\/\/www.curling.ca\/wp-content\/uploads\/2026\/03\/mdfinal-1-370x493.jpg",370,493,true],"trx_addons-thumb-avatar":["https:\/\/www.curling.ca\/wp-content\/uploads\/2026\/03\/mdfinal-1-370x370.jpg",370,370,true],"rt_custom":["https:\/\/www.curling.ca\/wp-content\/uploads\/2026\/03\/mdfinal-1.jpg",2048,1536,false]},"rttpg_author":{"display_name":"Brian Chick","author_link":"https:\/\/www.curling.ca\/fr\/blog\/author\/admin-brian\/"},"rttpg_comment":0,"rttpg_category":"<a href=\"https:\/\/www.curling.ca\/fr\/blog\/category\/posts\/tous-les-articles\/nos-championnatstous-les-articles\/nos-nouvelles-nos-championnatstous-les-articles\/\" rel=\"category tag\">Nos nouvelles<\/a> <a href=\"https:\/\/www.curling.ca\/fr\/blog\/category\/posts\/tous-les-articles\/\" rel=\"category tag\">Tous les articles<\/a>","rttpg_excerpt":"Partagez: TwitterFacebookShare-emailCopy URL to clipboard Alors qu\u2019un championnat du monde de double mixte se termine samedi en Suisse, un autre s\u2019appr\u00eate \u00e0 prendre son envol, mardi, \u00e0 Edmonton. Pour la&hellip;","_links":{"self":[{"href":"https:\/\/www.curling.ca\/fr\/wp-json\/wp\/v2\/posts\/629386","targetHints":{"allow":["GET"]}}],"collection":[{"href":"https:\/\/www.curling.ca\/fr\/wp-json\/wp\/v2\/posts"}],"about":[{"href":"https:\/\/www.curling.ca\/fr\/wp-json\/wp\/v2\/types\/post"}],"author":[{"embeddable":true,"href":"https:\/\/www.curling.ca\/fr\/wp-json\/wp\/v2\/users\/9"}],"replies":[{"embeddable":true,"href":"https:\/\/www.curling.ca\/fr\/wp-json\/wp\/v2\/comments?post=629386"}],"version-history":[{"count":5,"href":"https:\/\/www.curling.ca\/fr\/wp-json\/wp\/v2\/posts\/629386\/revisions"}],"predecessor-version":[{"id":629393,"href":"https:\/\/www.curling.ca\/fr\/wp-json\/wp\/v2\/posts\/629386\/revisions\/629393"}],"wp:featuredmedia":[{"embeddable":true,"href":"https:\/\/www.curling.ca\/fr\/wp-json\/wp\/v2\/media\/627447"}],"wp:attachment":[{"href":"https:\/\/www.curling.ca\/fr\/wp-json\/wp\/v2\/media?parent=629386"}],"wp:term":[{"taxonomy":"category","embeddable":true,"href":"https:\/\/www.curling.ca\/fr\/wp-json\/wp\/v2\/categories?post=629386"},{"taxonomy":"post_tag","embeddable":true,"href":"https:\/\/www.curling.ca\/fr\/wp-json\/wp\/v2\/tags?post=629386"}],"curies":[{"name":"wp","href":"https:\/\/api.w.org\/{rel}","templated":true}]}}